{"id":48860,"date":"2020-06-08T10:33:49","date_gmt":"2020-06-08T15:33:49","guid":{"rendered":"http:\/\/globalnewsmexico.com\/sitio\/?p=48860"},"modified":"2020-06-08T10:33:53","modified_gmt":"2020-06-08T15:33:53","slug":"no-me-hago-prueba-de-covid-19-porque-no-tengo-sintomas-amlo","status":"publish","type":"post","link":"https:\/\/globalnewsmexico.com\/sitio\/no-me-hago-prueba-de-covid-19-porque-no-tengo-sintomas-amlo\/","title":{"rendered":"No me hago prueba de Covid-19 porque no tengo s\u00edntomas: AMLO"},"content":{"rendered":"\n<p>Luego de que anoche el director del Instituto Mexicano del Seguro Social (IMSS), Zo\u00e9 Robledo, anunciara que dio positivo a Covid-19, el presidente Andr\u00e9s Manuel L\u00f3pez Obrador afirm\u00f3 que por su buen estado de salud, no hay motivo para aplicarse la prueba.<\/p>\n\n\n\n<p>Al ser cuestionado esta ma\u00f1ana en Palacio Nacional sobre si ya se aplic\u00f3 o se har\u00eda la prueba por coronavirus, tras conocerse el caso del directivo, quien lo ha acompa\u00f1ado en distintos eventos, el mandatario rechaz\u00f3 hacerlo, pues se encuentra bien de salud.<\/p>\n\n\n\n<p>\u201cNo me hago la prueba porque no tengo los s\u00edntomas. Afortunadamente estoy bien. Me cuido\u201d, asever\u00f3.<\/p>\n\n\n\n<p>L\u00f3pez Obrador lament\u00f3 que Zo\u00e9 Robledo y su familia padezcan por el Covid-19, aunque sin gravedad, y se encuentren aislados; no obstante, dese\u00f3 su mejor\u00eda y confi\u00f3 que saldr\u00e1n avantes.<\/p>\n\n\n\n<p>Tambi\u00e9n llam\u00f3 a la sociedad a continuar con las medidas de mitigaci\u00f3n comunitaria para evitar los contagios por Covid-19, entre ellas la sana distancia y, en la medida de lo posible, quedarse en su casa.<\/p>\n\n\n\n<p>\u201cHay que seguir cuid\u00e1ndonos, seguir las recomendaciones y sobre todo lo de la sana distancia, que es lo m\u00e1s efectivo: la higiene y la sana distancia. Sigo las recomendaciones de los especialistas. No hay que salir de casa si no es indispensable\u201d, coment\u00f3.<\/p>\n\n\n\n<p>Fuente: Exc\u00e9lsior<\/p>\n","protected":false},"excerpt":{"rendered":"<p>#Destacamos Luego de que anoche el director del #IMSS, #Zo\u00e9Robledo, anunciara que dio positivo a #Covid19, el presidente #Andr\u00e9sManuelL\u00f3pezObrador afirm\u00f3 que por su buen estado de salud no hay motivo para aplicarse la #prueba, pues no tiene #s\u00edntomas.<\/p>\n","protected":false},"author":5,"featured_media":48861,"comment_status":"closed","ping_status":"open","sticky":false,"template":"","format":"standard","meta":{"spay_email":"","footnotes":""},"categories":[37,8,40,52],"tags":[],"jetpack_featured_media_url":"https:\/\/i0.wp.com\/globalnewsmexico.com\/sitio\/wp-content\/uploads\/2020\/06\/2376055.jpg?fit=1040%2C780&ssl=1","jetpack_sharing_enabled":true,"jetpack_shortlink":"https:\/\/wp.me\/p9yqPL-cI4","jetpack_likes_enabled":true,"_links":{"self":[{"href":"https:\/\/globalnewsmexico.com\/sitio\/wp-json\/wp\/v2\/posts\/48860"}],"collection":[{"href":"https:\/\/globalnewsmexico.com\/sitio\/wp-json\/wp\/v2\/posts"}],"about":[{"href":"https:\/\/globalnewsmexico.com\/sitio\/wp-json\/wp\/v2\/types\/post"}],"author":[{"embeddable":true,"href":"https:\/\/globalnewsmexico.com\/sitio\/wp-json\/wp\/v2\/users\/5"}],"replies":[{"embeddable":true,"href":"https:\/\/globalnewsmexico.com\/sitio\/wp-json\/wp\/v2\/comments?post=48860"}],"version-history":[{"count":0,"href":"https:\/\/globalnewsmexico.com\/sitio\/wp-json\/wp\/v2\/posts\/48860\/revisions"}],"wp:featuredmedia":[{"embeddable":true,"href":"https:\/\/globalnewsmexico.com\/sitio\/wp-json\/wp\/v2\/media\/48861"}],"wp:attachment":[{"href":"https:\/\/globalnewsmexico.com\/sitio\/wp-json\/wp\/v2\/media?parent=48860"}],"wp:term":[{"taxonomy":"category","embeddable":true,"href":"https:\/\/globalnewsmexico.com\/sitio\/wp-json\/wp\/v2\/categories?post=48860"},{"taxonomy":"post_tag","embeddable":true,"href":"https:\/\/globalnewsmexico.com\/sitio\/wp-json\/wp\/v2\/tags?post=48860"}],"curies":[{"name":"wp","href":"https:\/\/api.w.org\/{rel}","templated":true}]}}