{"id":48893,"date":"2020-06-08T16:33:22","date_gmt":"2020-06-08T21:33:22","guid":{"rendered":"http:\/\/globalnewsmexico.com\/sitio\/?p=48893"},"modified":"2020-06-08T16:33:30","modified_gmt":"2020-06-08T21:33:30","slug":"secretario-general-del-imss-en-coahuila-da-positivo-a-covid-19","status":"publish","type":"post","link":"https:\/\/globalnewsmexico.com\/sitio\/secretario-general-del-imss-en-coahuila-da-positivo-a-covid-19\/","title":{"rendered":"Secretario general del IMSS en Coahuila da positivo a Covid-19"},"content":{"rendered":"\n<p>El secretario general del Instituto Mexicano del Seguro Social (IMSS) en Coahuila,\u00a0Javier Guerrero Garc\u00eda, dio positivo a Covid-19, inform\u00f3 la instituci\u00f3n a trav\u00e9s de un comunicado.<\/p>\n\n\n\n<p>Destac\u00f3 que tanto el\u00a0director general, Zo\u00e9 Robledo Aburto<a rel=\"noreferrer noopener\" href=\"https:\/\/www.milenio.com\/politica\/zoe-robledo-da-positivo-a-coronavirus\" target=\"_blank\">,<\/a>\u00a0y\u00a0otros dos funcionarios federales, se encuentran asintom\u00e1ticos al virus.<\/p>\n\n\n\n<p>\u201cDerivado de la b\u00fasqueda de contactos y de la vigilancia epidemiol\u00f3gica que realiza el Instituto, se realiz\u00f3 la prueba confirmatoria al secretario general, as\u00ed como al director de Finanzas, Humberto Pedrero Moreno, y al titular de la\u00a0Unidad de Evaluaci\u00f3n de Delegaciones, H\u00e9ctor Robles Peiro, quienes resultaron positivos\u201d, destaca un comunicado.<\/p>\n\n\n\n<p>Manifest\u00f3 que los tres funcionarios se encuentran asintom\u00e1ticos, en buen estado de salud, en confinamiento domiciliario, desde donde trabajan y coordinan las responsabilidades de sus respectivas \u00e1reas.<\/p>\n\n\n\n<p>Al conocerse los resultados de la prueba, se activ\u00f3 como en todos los casos, el protocolo epidemiol\u00f3gico, con base en el cual se identificaron a los contactos cercanos para darles seguimiento.<\/p>\n\n\n\n<p>Las instalaciones administrativas del Instituto Mexicano del Seguro Social fueron y est\u00e1n siendo higienizadas, y se han reforzado las medidas de sana distancia y los protocolos sanitarios como el lavado de manos, uso de alcohol gel al 70 por ciento y la toma de temperatura de todo el personal a su ingreso en estos edificios.<\/p>\n\n\n\n<p>Fuente: Milenio<\/p>\n","protected":false},"excerpt":{"rendered":"<p>#M\u00e9xico El secretario general del Instituto Mexicano del Seguro Social (#IMSS) en #Coahuila, Javier Guerrero Garc\u00eda, dio positivo a #Covid19, inform\u00f3 la instituci\u00f3n a trav\u00e9s de un comunicado.<\/p>\n","protected":false},"author":5,"featured_media":48894,"comment_status":"closed","ping_status":"open","sticky":false,"template":"","format":"standard","meta":{"spay_email":"","footnotes":""},"categories":[37,8,49,52],"tags":[],"jetpack_featured_media_url":"https:\/\/i1.wp.com\/globalnewsmexico.com\/sitio\/wp-content\/uploads\/2020\/06\/javier-guerrero-secretario-general-del_0_56_912_568.jpg?fit=958%2C596&ssl=1","jetpack_sharing_enabled":true,"jetpack_shortlink":"https:\/\/wp.me\/p9yqPL-cIB","jetpack_likes_enabled":true,"_links":{"self":[{"href":"https:\/\/globalnewsmexico.com\/sitio\/wp-json\/wp\/v2\/posts\/48893"}],"collection":[{"href":"https:\/\/globalnewsmexico.com\/sitio\/wp-json\/wp\/v2\/posts"}],"about":[{"href":"https:\/\/globalnewsmexico.com\/sitio\/wp-json\/wp\/v2\/types\/post"}],"author":[{"embeddable":true,"href":"https:\/\/globalnewsmexico.com\/sitio\/wp-json\/wp\/v2\/users\/5"}],"replies":[{"embeddable":true,"href":"https:\/\/globalnewsmexico.com\/sitio\/wp-json\/wp\/v2\/comments?post=48893"}],"version-history":[{"count":0,"href":"https:\/\/globalnewsmexico.com\/sitio\/wp-json\/wp\/v2\/posts\/48893\/revisions"}],"wp:featuredmedia":[{"embeddable":true,"href":"https:\/\/globalnewsmexico.com\/sitio\/wp-json\/wp\/v2\/media\/48894"}],"wp:attachment":[{"href":"https:\/\/globalnewsmexico.com\/sitio\/wp-json\/wp\/v2\/media?parent=48893"}],"wp:term":[{"taxonomy":"category","embeddable":true,"href":"https:\/\/globalnewsmexico.com\/sitio\/wp-json\/wp\/v2\/categories?post=48893"},{"taxonomy":"post_tag","embeddable":true,"href":"https:\/\/globalnewsmexico.com\/sitio\/wp-json\/wp\/v2\/tags?post=48893"}],"curies":[{"name":"wp","href":"https:\/\/api.w.org\/{rel}","templated":true}]}}