{"id":48914,"date":"2020-06-09T09:39:48","date_gmt":"2020-06-09T14:39:48","guid":{"rendered":"http:\/\/globalnewsmexico.com\/sitio\/?p=48914"},"modified":"2020-06-09T09:39:51","modified_gmt":"2020-06-09T14:39:51","slug":"gobernador-de-guerrero-da-positivo-a-coronavirus","status":"publish","type":"post","link":"https:\/\/globalnewsmexico.com\/sitio\/gobernador-de-guerrero-da-positivo-a-coronavirus\/","title":{"rendered":"Gobernador de Guerrero da positivo a coronavirus"},"content":{"rendered":"\n<p>El gobernador de Guerrero, H\u00e9ctor Astudillo Flores, inform\u00f3 que dio positivo a Covid-19, por lo que se mantendr\u00e1 aislado, pero sin desatender los asuntos del estado.<\/p>\n\n\n\n<p>El mandatario estatal dio a conocer la noticia a trav\u00e9s de un video publicado en sus redes sociales.<\/p>\n\n\n\n<p>\u00abTengo que seguir una serie de recomendaciones m\u00e9dicas, de protocolos, y seguir\u00e9 d\u00e1ndole la atenci\u00f3n a todos los asuntos del estado. Estar\u00e9 pendiente de todos los avances para enfrentar esta pandemia\u00bb, dijo en la grabaci\u00f3n.<\/p>\n","protected":false},"excerpt":{"rendered":"<p>#Lo\u00daltimo El gobernador de #Guerrero, #H\u00e9ctorAstudilloFlores, inform\u00f3 que dio positivo a #Covid19, por lo que se mantendr\u00e1 aislado, pero sin desatender los asuntos del estado.<\/p>\n","protected":false},"author":5,"featured_media":48915,"comment_status":"closed","ping_status":"open","sticky":false,"template":"","format":"standard","meta":{"spay_email":"","footnotes":""},"categories":[37,8,39,52],"tags":[],"jetpack_featured_media_url":"https:\/\/i1.wp.com\/globalnewsmexico.com\/sitio\/wp-content\/uploads\/2020\/06\/descarga.jpg?fit=1040%2C588&ssl=1","jetpack_sharing_enabled":true,"jetpack_shortlink":"https:\/\/wp.me\/p9yqPL-cIW","jetpack_likes_enabled":true,"_links":{"self":[{"href":"https:\/\/globalnewsmexico.com\/sitio\/wp-json\/wp\/v2\/posts\/48914"}],"collection":[{"href":"https:\/\/globalnewsmexico.com\/sitio\/wp-json\/wp\/v2\/posts"}],"about":[{"href":"https:\/\/globalnewsmexico.com\/sitio\/wp-json\/wp\/v2\/types\/post"}],"author":[{"embeddable":true,"href":"https:\/\/globalnewsmexico.com\/sitio\/wp-json\/wp\/v2\/users\/5"}],"replies":[{"embeddable":true,"href":"https:\/\/globalnewsmexico.com\/sitio\/wp-json\/wp\/v2\/comments?post=48914"}],"version-history":[{"count":0,"href":"https:\/\/globalnewsmexico.com\/sitio\/wp-json\/wp\/v2\/posts\/48914\/revisions"}],"wp:featuredmedia":[{"embeddable":true,"href":"https:\/\/globalnewsmexico.com\/sitio\/wp-json\/wp\/v2\/media\/48915"}],"wp:attachment":[{"href":"https:\/\/globalnewsmexico.com\/sitio\/wp-json\/wp\/v2\/media?parent=48914"}],"wp:term":[{"taxonomy":"category","embeddable":true,"href":"https:\/\/globalnewsmexico.com\/sitio\/wp-json\/wp\/v2\/categories?post=48914"},{"taxonomy":"post_tag","embeddable":true,"href":"https:\/\/globalnewsmexico.com\/sitio\/wp-json\/wp\/v2\/tags?post=48914"}],"curies":[{"name":"wp","href":"https:\/\/api.w.org\/{rel}","templated":true}]}}