{"id":48937,"date":"2020-06-09T13:16:27","date_gmt":"2020-06-09T18:16:27","guid":{"rendered":"http:\/\/globalnewsmexico.com\/sitio\/?p=48937"},"modified":"2020-06-09T13:16:35","modified_gmt":"2020-06-09T18:16:35","slug":"suman-mil-268-mexicanos-fallecidos-por-covid-19-en-el-mundo-ebrard","status":"publish","type":"post","link":"https:\/\/globalnewsmexico.com\/sitio\/suman-mil-268-mexicanos-fallecidos-por-covid-19-en-el-mundo-ebrard\/","title":{"rendered":"Suman mil 268 mexicanos fallecidos por Covid-19 en el mundo: Ebrard"},"content":{"rendered":"\n<p>El n\u00famero de mexicanos fallecidos por Covid-19 en el extranjero se elev\u00f3 a mil 268, inform\u00f3 el canciller Marcelo Ebrard.<\/p>\n\n\n\n<p>\u00abDecesos, lamento informarles: tenemos mil 256, respecto del \u00faltimo reporte hubo un incremento. Nueva York 710 y ahora subi\u00f3, desafortunadamente California, con 128 y Illinois, marcadamente Chicago, con 125. En el resto del mundo, fallecimientos tenemos 12, 5 en Canad\u00e1, 3 en Espa\u00f1a, 2 en Per\u00fa, 1 en Francia y 1 en Colombia\u201d, dijo.<\/p>\n\n\n\n<p>Al d\u00eda de hoy, adem\u00e1s, se reportan 385 contagios de mexicanos en la Uni\u00f3n Americana, 302 en Canad\u00e1 y 21 en otras partes del mundo.<\/p>\n\n\n\n<p>Finalmente, inform\u00f3 que han sido repatriados 14 mil 640 mexicanos que por la pandemia se quedaron varados en otras partes del mundo.<\/p>\n\n\n\n<p>Fuente: Notisistema<\/p>\n","protected":false},"excerpt":{"rendered":"<p>#Destacamos El n\u00famero de #mexicanos fallecidos por #Covid19 en el #extranjero se elev\u00f3 a mil 268, inform\u00f3 el canciller #MarceloEbrard. Adem\u00e1s, se reportan 385 #contagios de mexicanos en la Uni\u00f3n Americana, 302 en Canad\u00e1 y 21 en otros pa\u00edses.<\/p>\n","protected":false},"author":5,"featured_media":48938,"comment_status":"closed","ping_status":"open","sticky":false,"template":"","format":"standard","meta":{"spay_email":"","footnotes":""},"categories":[37,8,40,52],"tags":[],"jetpack_featured_media_url":"https:\/\/i2.wp.com\/globalnewsmexico.com\/sitio\/wp-content\/uploads\/2020\/06\/ebrard-610x389-1.jpg?fit=1040%2C663&ssl=1","jetpack_sharing_enabled":true,"jetpack_shortlink":"https:\/\/wp.me\/p9yqPL-cJj","jetpack_likes_enabled":true,"_links":{"self":[{"href":"https:\/\/globalnewsmexico.com\/sitio\/wp-json\/wp\/v2\/posts\/48937"}],"collection":[{"href":"https:\/\/globalnewsmexico.com\/sitio\/wp-json\/wp\/v2\/posts"}],"about":[{"href":"https:\/\/globalnewsmexico.com\/sitio\/wp-json\/wp\/v2\/types\/post"}],"author":[{"embeddable":true,"href":"https:\/\/globalnewsmexico.com\/sitio\/wp-json\/wp\/v2\/users\/5"}],"replies":[{"embeddable":true,"href":"https:\/\/globalnewsmexico.com\/sitio\/wp-json\/wp\/v2\/comments?post=48937"}],"version-history":[{"count":0,"href":"https:\/\/globalnewsmexico.com\/sitio\/wp-json\/wp\/v2\/posts\/48937\/revisions"}],"wp:featuredmedia":[{"embeddable":true,"href":"https:\/\/globalnewsmexico.com\/sitio\/wp-json\/wp\/v2\/media\/48938"}],"wp:attachment":[{"href":"https:\/\/globalnewsmexico.com\/sitio\/wp-json\/wp\/v2\/media?parent=48937"}],"wp:term":[{"taxonomy":"category","embeddable":true,"href":"https:\/\/globalnewsmexico.com\/sitio\/wp-json\/wp\/v2\/categories?post=48937"},{"taxonomy":"post_tag","embeddable":true,"href":"https:\/\/globalnewsmexico.com\/sitio\/wp-json\/wp\/v2\/tags?post=48937"}],"curies":[{"name":"wp","href":"https:\/\/api.w.org\/{rel}","templated":true}]}}