{"id":48942,"date":"2020-06-09T13:48:49","date_gmt":"2020-06-09T18:48:49","guid":{"rendered":"http:\/\/globalnewsmexico.com\/sitio\/?p=48942"},"modified":"2020-06-09T13:48:53","modified_gmt":"2020-06-09T18:48:53","slug":"dan-prision-preventiva-a-policia-de-jalisco-por-abuso-de-autoridad-en-marcha","status":"publish","type":"post","link":"https:\/\/globalnewsmexico.com\/sitio\/dan-prision-preventiva-a-policia-de-jalisco-por-abuso-de-autoridad-en-marcha\/","title":{"rendered":"Dan prisi\u00f3n preventiva a polic\u00eda de Jalisco por abuso de autoridad en marcha"},"content":{"rendered":"\n<p>Un polic\u00eda de investigaci\u00f3n de la Fiscal\u00eda del Estado de Jalisco permanecer\u00e1 en prisi\u00f3n preventiva justificada, al ser se\u00f1alado de abuso de autoridad durante la marcha en el centro de Guadalajara para exigir justicia por el asesinato de\u00a0Giovanni L\u00f3pez,\u00a0quien presuntamente muri\u00f3 a manos de polic\u00edas municipales de Ixtlahuac\u00e1n de los Membrillos.<\/p>\n\n\n\n<p>En la audiencia contra el polic\u00eda Ra\u00fal &#8216;N&#8217;,\u00a0se le acus\u00f3 del delito de abuso de autoridad y junto con \u00e9l\u00a0fue detenido el comandante Salvador &#8216;N&#8217;,\u00a0acusado de privar de la libertad injustificadamente a varias personas que ir\u00edan a manifestarse a las instalaciones de la Fiscal\u00eda del Estado, en la calle 14, el pasado fin de semana.<\/p>\n\n\n\n<p>Sin embargo, este \u00faltimo se apeg\u00f3 al t\u00e9rmino constitucional de 144 horas y su pr\u00f3xima audiencia ser\u00e1 el 12 de junio a las 10:30 horas en los juzgados de audiencia y oralidad, del penal de Puente Grande.<\/p>\n\n\n\n<p>Fuente: Milenio<\/p>\n","protected":false},"excerpt":{"rendered":"<p>#M\u00e9xico Un #polic\u00eda de investigaci\u00f3n de la Fiscal\u00eda del Estado de #Jalisco permanecer\u00e1 en #prisi\u00f3n preventiva justificada, al ser se\u00f1alado de #abuso de autoridad durante la #marcha en el centro de #Guadalajara para exigir justicia por el #asesinato de #GiovanniL\u00f3pez.<\/p>\n","protected":false},"author":5,"featured_media":48943,"comment_status":"closed","ping_status":"open","sticky":false,"template":"","format":"standard","meta":{"spay_email":"","footnotes":""},"categories":[37,8,49,52],"tags":[],"jetpack_featured_media_url":"https:\/\/i0.wp.com\/globalnewsmexico.com\/sitio\/wp-content\/uploads\/2020\/06\/polici\u0301a-Jalisco.jpg?fit=1040%2C632&ssl=1","jetpack_sharing_enabled":true,"jetpack_shortlink":"https:\/\/wp.me\/p9yqPL-cJo","jetpack_likes_enabled":true,"_links":{"self":[{"href":"https:\/\/globalnewsmexico.com\/sitio\/wp-json\/wp\/v2\/posts\/48942"}],"collection":[{"href":"https:\/\/globalnewsmexico.com\/sitio\/wp-json\/wp\/v2\/posts"}],"about":[{"href":"https:\/\/globalnewsmexico.com\/sitio\/wp-json\/wp\/v2\/types\/post"}],"author":[{"embeddable":true,"href":"https:\/\/globalnewsmexico.com\/sitio\/wp-json\/wp\/v2\/users\/5"}],"replies":[{"embeddable":true,"href":"https:\/\/globalnewsmexico.com\/sitio\/wp-json\/wp\/v2\/comments?post=48942"}],"version-history":[{"count":0,"href":"https:\/\/globalnewsmexico.com\/sitio\/wp-json\/wp\/v2\/posts\/48942\/revisions"}],"wp:featuredmedia":[{"embeddable":true,"href":"https:\/\/globalnewsmexico.com\/sitio\/wp-json\/wp\/v2\/media\/48943"}],"wp:attachment":[{"href":"https:\/\/globalnewsmexico.com\/sitio\/wp-json\/wp\/v2\/media?parent=48942"}],"wp:term":[{"taxonomy":"category","embeddable":true,"href":"https:\/\/globalnewsmexico.com\/sitio\/wp-json\/wp\/v2\/categories?post=48942"},{"taxonomy":"post_tag","embeddable":true,"href":"https:\/\/globalnewsmexico.com\/sitio\/wp-json\/wp\/v2\/tags?post=48942"}],"curies":[{"name":"wp","href":"https:\/\/api.w.org\/{rel}","templated":true}]}}