{"id":48944,"date":"2020-06-09T13:55:21","date_gmt":"2020-06-09T18:55:21","guid":{"rendered":"http:\/\/globalnewsmexico.com\/sitio\/?p=48944"},"modified":"2020-06-09T13:55:24","modified_gmt":"2020-06-09T18:55:24","slug":"organizacion-panamericana-de-salud-preve-en-julio-rebrote-de-covid-19-en-america-latina","status":"publish","type":"post","link":"https:\/\/globalnewsmexico.com\/sitio\/organizacion-panamericana-de-salud-preve-en-julio-rebrote-de-covid-19-en-america-latina\/","title":{"rendered":"Organizaci\u00f3n Panamericana de Salud prev\u00e9 en julio rebrote de Covid-19 en Am\u00e9rica Latina"},"content":{"rendered":"\n<p>La Organizaci\u00f3n Panamericana de la Salud (OPS) afirm\u00f3 que, debido a la pobreza de algunos pa\u00edses en Am\u00e9rica Latina, ser\u00e1 m\u00e1s dif\u00edcil lograr una desaceleraci\u00f3n r\u00e1pida de la\u00a0pandemia de Covid-19, adem\u00e1s de que indic\u00f3 que\u00a0julio podr\u00eda ser el mes en el que haya un rebrote importante en la regi\u00f3n.<\/p>\n\n\n\n<p>En conferencia v\u00eda remota, la doctora Carissa F. Etienne asegur\u00f3 que esto se debe a que el virus est\u00e9 llegando de forma importada a los a zonas en las que viven los m\u00e1s pobres, es decir, los lugares de mayor hacinamiento.<\/p>\n\n\n\n<p>Coment\u00f3 que a esto se le suma el tipo de econom\u00eda que se tiene en Am\u00e9rica Latina, pues en esta regi\u00f3n se dedica principalmente al comercio informal.<\/p>\n\n\n\n<p>\u00abLas econom\u00edas est\u00e1n reduciendo su tama\u00f1o en muchos de estos pa\u00edses y en Am\u00e9rica Latina tenemos pa\u00edses con una gran econom\u00eda informal, lo que hace muy dif\u00edcil implantar un confinamiento total, porque la gente vive al d\u00eda\u00bb, a\u00f1adi\u00f3.<\/p>\n\n\n\n<p>Dijo que por esta raz\u00f3n es imposible aplicar las mismas medidas de desconfinamiento que se aplicaron en Europa, ya que va a llevar m\u00e1s tiempo garantizar una desaceleraci\u00f3n de la pandemia. Agreg\u00f3 que es todo esto lo que ocasionar\u00e1 que en julio haya un \u00abbrote importante por Covid-19 en Am\u00e9rica Latina\u00bb.\u00a0<\/p>\n\n\n\n<p>Fuente: Milenio<\/p>\n","protected":false},"excerpt":{"rendered":"<p>#Mundo La Organizaci\u00f3n Panamericana de la Salud (#OPS) afirm\u00f3 que, debido a la #pobreza de algunos pa\u00edses en #Am\u00e9ricaLatina, ser\u00e1 m\u00e1s dif\u00edcil lograr una desaceleraci\u00f3n r\u00e1pida de la #pandemia de #Covid19; prev\u00e9 que en julio se d\u00e9 un #rebrote importante en la regi\u00f3n.<\/p>\n","protected":false},"author":5,"featured_media":48945,"comment_status":"closed","ping_status":"open","sticky":false,"template":"","format":"standard","meta":{"spay_email":"","footnotes":""},"categories":[37,8,48,52],"tags":[],"jetpack_featured_media_url":"https:\/\/i2.wp.com\/globalnewsmexico.com\/sitio\/wp-content\/uploads\/2020\/06\/vida-cotidiana-cdmx-pandemia-coronavirus_0_27_1199_746.jpeg?fit=958%2C596&ssl=1","jetpack_sharing_enabled":true,"jetpack_shortlink":"https:\/\/wp.me\/p9yqPL-cJq","jetpack_likes_enabled":true,"_links":{"self":[{"href":"https:\/\/globalnewsmexico.com\/sitio\/wp-json\/wp\/v2\/posts\/48944"}],"collection":[{"href":"https:\/\/globalnewsmexico.com\/sitio\/wp-json\/wp\/v2\/posts"}],"about":[{"href":"https:\/\/globalnewsmexico.com\/sitio\/wp-json\/wp\/v2\/types\/post"}],"author":[{"embeddable":true,"href":"https:\/\/globalnewsmexico.com\/sitio\/wp-json\/wp\/v2\/users\/5"}],"replies":[{"embeddable":true,"href":"https:\/\/globalnewsmexico.com\/sitio\/wp-json\/wp\/v2\/comments?post=48944"}],"version-history":[{"count":0,"href":"https:\/\/globalnewsmexico.com\/sitio\/wp-json\/wp\/v2\/posts\/48944\/revisions"}],"wp:featuredmedia":[{"embeddable":true,"href":"https:\/\/globalnewsmexico.com\/sitio\/wp-json\/wp\/v2\/media\/48945"}],"wp:attachment":[{"href":"https:\/\/globalnewsmexico.com\/sitio\/wp-json\/wp\/v2\/media?parent=48944"}],"wp:term":[{"taxonomy":"category","embeddable":true,"href":"https:\/\/globalnewsmexico.com\/sitio\/wp-json\/wp\/v2\/categories?post=48944"},{"taxonomy":"post_tag","embeddable":true,"href":"https:\/\/globalnewsmexico.com\/sitio\/wp-json\/wp\/v2\/tags?post=48944"}],"curies":[{"name":"wp","href":"https:\/\/api.w.org\/{rel}","templated":true}]}}