{"id":48965,"date":"2020-06-10T09:52:52","date_gmt":"2020-06-10T14:52:52","guid":{"rendered":"http:\/\/globalnewsmexico.com\/sitio\/?p=48965"},"modified":"2020-06-10T09:52:55","modified_gmt":"2020-06-10T14:52:55","slug":"me-voy-a-casa-mario-villanueva-dejara-la-carcel-tras-19-anos-preso","status":"publish","type":"post","link":"https:\/\/globalnewsmexico.com\/sitio\/me-voy-a-casa-mario-villanueva-dejara-la-carcel-tras-19-anos-preso\/","title":{"rendered":"\u201cMe voy a casa\u201d; Mario Villanueva dejar\u00e1 la c\u00e1rcel tras 19 a\u00f1os preso"},"content":{"rendered":"\n<p>El exgobernador de\u00a0Quintana Roo,\u00a0Mario Villanueva Madrid, anunci\u00f3 que regresar\u00e1 a su casa, ya que fue informado por el Consejero Jur\u00eddico de la Presidencia, Julio Scherer, que el Tribunal que tiene a cargo su caso, emiti\u00f3 un acuerdo favorable con lo que se le otorga la prisi\u00f3n domiciliaria y podr\u00e1 salir.<\/p>\n\n\n\n<p>A trav\u00e9s de su p\u00e1gina en Facebook, el exmandatario, a quien se vincul\u00f3 con el\u00a0c\u00e1rtel de Ju\u00e1rez, escribi\u00f3:<\/p>\n\n\n\n<p>\u201cDeseo informarles con profunda alegr\u00eda que hoy por la noche me llam\u00f3 el Consejero Jur\u00eddico de la Presidencia, el licenciado Julio Scherer, para informarme que el Tribunal que tiene a su cargo mi caso, hab\u00eda emitido un acuerdo ordenando mi traslado a la casa.<\/p>\n\n\n\n<p>Imaginen lo que siento despu\u00e9s de 21 a\u00f1os y casi tres meses sin pisar mi hogar, con 19 a\u00f1os de c\u00e1rcel, cuando soy inocente de lo que me han acusado, lo que est\u00e1 debidamente probado con documentos en el Congreso del Estado\u201d.<\/p>\n\n\n\n<p>Mencion\u00f3 que ahora van por el tr\u00e1mite de la libertad, que est\u00e1n gestionando los defensores p\u00fablicos dirigidos por Carlos Gustavo Cruz Miranda, con la Consejer\u00eda Jur\u00eddica de la Presidencia de la Rep\u00fablica y la Secretaria de Gobernaci\u00f3n.<\/p>\n\n\n\n<p>El presidente Andr\u00e9s Manuel L\u00f3pez Obrador dijo que la titular de la Secretar\u00eda de Gobernaci\u00f3n (Segob), Olga S\u00e1nchez Cordero, atend\u00eda el indulto al ex gobernador de Quintana Roo, Mario Villanueva,\u00a0por lo que podr\u00eda quedar haber quedado en libertad a finales de 2019, tras ser condenado a 27 a\u00f1os de prisi\u00f3n por delitos contra la salud y lavado de dinero.<\/p>\n\n\n\n<p>Afirm\u00f3 que se busca que Villanueva se mantuviera en su domicilio por cuestiones de salud y reiter\u00f3 que ya exist\u00edan avances en el caso; sin embargo, hab\u00eda un amparo de la Fiscal\u00eda General de la Rep\u00fablica (FGR) para retenerlo.&nbsp;<\/p>\n\n\n\n<p>Fuente: Milenio<\/p>\n","protected":false},"excerpt":{"rendered":"<p>#Ent\u00e9rate El exgobernador de #QuintanaRoo, #MarioVillanuevaMadrid, anunci\u00f3 que regresar\u00e1 a su casa, ya que fue informado que el Tribunal emiti\u00f3 un acuerdo favorable, con lo que se le otorga la #prisi\u00f3n domiciliaria y podr\u00e1 salir.<\/p>\n","protected":false},"author":5,"featured_media":48974,"comment_status":"closed","ping_status":"open","sticky":false,"template":"","format":"standard","meta":{"spay_email":"","footnotes":""},"categories":[37,8,39,52],"tags":[],"jetpack_featured_media_url":"https:\/\/i0.wp.com\/globalnewsmexico.com\/sitio\/wp-content\/uploads\/2020\/06\/exgobernador-quintana-roo-mario-villanueva_381_0_1154_718.jpeg?fit=958%2C596&ssl=1","jetpack_sharing_enabled":true,"jetpack_shortlink":"https:\/\/wp.me\/p9yqPL-cJL","jetpack_likes_enabled":true,"_links":{"self":[{"href":"https:\/\/globalnewsmexico.com\/sitio\/wp-json\/wp\/v2\/posts\/48965"}],"collection":[{"href":"https:\/\/globalnewsmexico.com\/sitio\/wp-json\/wp\/v2\/posts"}],"about":[{"href":"https:\/\/globalnewsmexico.com\/sitio\/wp-json\/wp\/v2\/types\/post"}],"author":[{"embeddable":true,"href":"https:\/\/globalnewsmexico.com\/sitio\/wp-json\/wp\/v2\/users\/5"}],"replies":[{"embeddable":true,"href":"https:\/\/globalnewsmexico.com\/sitio\/wp-json\/wp\/v2\/comments?post=48965"}],"version-history":[{"count":0,"href":"https:\/\/globalnewsmexico.com\/sitio\/wp-json\/wp\/v2\/posts\/48965\/revisions"}],"wp:featuredmedia":[{"embeddable":true,"href":"https:\/\/globalnewsmexico.com\/sitio\/wp-json\/wp\/v2\/media\/48974"}],"wp:attachment":[{"href":"https:\/\/globalnewsmexico.com\/sitio\/wp-json\/wp\/v2\/media?parent=48965"}],"wp:term":[{"taxonomy":"category","embeddable":true,"href":"https:\/\/globalnewsmexico.com\/sitio\/wp-json\/wp\/v2\/categories?post=48965"},{"taxonomy":"post_tag","embeddable":true,"href":"https:\/\/globalnewsmexico.com\/sitio\/wp-json\/wp\/v2\/tags?post=48965"}],"curies":[{"name":"wp","href":"https:\/\/api.w.org\/{rel}","templated":true}]}}