{"id":48984,"date":"2020-06-10T10:34:27","date_gmt":"2020-06-10T15:34:27","guid":{"rendered":"http:\/\/globalnewsmexico.com\/sitio\/?p=48984"},"modified":"2020-06-10T10:34:30","modified_gmt":"2020-06-10T15:34:30","slug":"perdida-de-empleos-por-covid-19-continuo-en-primeros-dias-de-junio-reconoce-amlo","status":"publish","type":"post","link":"https:\/\/globalnewsmexico.com\/sitio\/perdida-de-empleos-por-covid-19-continuo-en-primeros-dias-de-junio-reconoce-amlo\/","title":{"rendered":"P\u00e9rdida de empleos por Covid-19 continu\u00f3 en primeros d\u00edas de junio, reconoce AMLO"},"content":{"rendered":"\n<p>El presidente Andr\u00e9s Manuel L\u00f3pez Obrador afirm\u00f3 que durante los\u00a0primeros d\u00edas de junio se report\u00f3 la\u00a0p\u00e9rdida de empleos formales\u00a0por la crisis de coronavirus en M\u00e9xico; sin embargo, destac\u00f3 que ya hubo un d\u00eda sin desempleo, por lo que reiter\u00f3 que en total habr\u00e1 recorte de un mill\u00f3n de plazas por la pandemia de Covid-19.<\/p>\n\n\n\n<p>\u00abLos primeros d\u00edas de junio tambi\u00e9n ha habido p\u00e9rdidas, pero ya tuvimos un d\u00eda sin p\u00e9rdidas de empleos de junio\u00bb, coment\u00f3.\u00a0<\/p>\n\n\n\n<p>Record\u00f3 que en abril se perdieron 550 mil empleos de trabajadores inscritos al Instituto Mexicano del Seguro Social (IMSS), y adelant\u00f3 que\u00a0en los pr\u00f3ximos d\u00edas se dar\u00e1 a conocer el reporte de mayo, en donde dijo que \u00abafortunadamente se redujo la p\u00e9rdida de empleos\u00bb con\u00a0menos de 250 mil.\u00a0<\/p>\n\n\n\n<p>Durante\u00a0La Ma\u00f1anera\u00a0desde Palacio Nacional, L\u00f3pez Obrador asever\u00f3 que su gobierno estima la creaci\u00f3n de 2 millones de nuevos empleos tras la emergencia sanitaria, por lo que se entregar\u00e1n 4 millones de cr\u00e9ditos para peque\u00f1os empresarios de la econom\u00eda formal e informal, as\u00ed como pr\u00e9stamos personales.<\/p>\n\n\n\n<p>Asegur\u00f3 que el\u00a0mayor da\u00f1o por la crisis se ha visto reflejado en la econom\u00eda informal, pues \u00abmucha gente vive al d\u00eda, por eso la estrategia de abajo hacia arriba, proteger al 70 por ciento de la poblaci\u00f3n\u00bb.\u00a0<\/p>\n\n\n\n<p>Agreg\u00f3 que con la\u00a0entrada en vigor del T-MEC\u00a0el 1 de julio\u00a0se ayudar\u00e1 a empresas nacionales y extranjeras, ya que se generar\u00e1n 3 millones de nuevos empleos en el sector de las maquilas, \u00abM\u00e9xico tiene una situaci\u00f3n favorable, por eso tenemos confianza en que va a llegar inversi\u00f3n extranjera por el tratado y todo esto nos va a ayudar a reactivar la econom\u00eda\u00bb.\u00a0<\/p>\n\n\n\n<p>Fuente: Milenio<\/p>\n","protected":false},"excerpt":{"rendered":"<p>#Destacamos El presidente #Andr\u00e9sManuelL\u00f3pezObrador afirm\u00f3 que durante los primeros d\u00edas de #junio se report\u00f3 la p\u00e9rdida de #empleos formales por la #crisis de #coronavirus en #M\u00e9xico; sin embargo, destac\u00f3 que ya hubo un d\u00eda sin #desempleo.<\/p>\n","protected":false},"author":5,"featured_media":48985,"comment_status":"closed","ping_status":"open","sticky":false,"template":"","format":"standard","meta":{"spay_email":"","footnotes":""},"categories":[37,8,40,52],"tags":[],"jetpack_featured_media_url":"https:\/\/i0.wp.com\/globalnewsmexico.com\/sitio\/wp-content\/uploads\/2020\/06\/desempleo-milenio-digital_0_20_912_568.jpg?fit=958%2C596&ssl=1","jetpack_sharing_enabled":true,"jetpack_shortlink":"https:\/\/wp.me\/p9yqPL-cK4","jetpack_likes_enabled":true,"_links":{"self":[{"href":"https:\/\/globalnewsmexico.com\/sitio\/wp-json\/wp\/v2\/posts\/48984"}],"collection":[{"href":"https:\/\/globalnewsmexico.com\/sitio\/wp-json\/wp\/v2\/posts"}],"about":[{"href":"https:\/\/globalnewsmexico.com\/sitio\/wp-json\/wp\/v2\/types\/post"}],"author":[{"embeddable":true,"href":"https:\/\/globalnewsmexico.com\/sitio\/wp-json\/wp\/v2\/users\/5"}],"replies":[{"embeddable":true,"href":"https:\/\/globalnewsmexico.com\/sitio\/wp-json\/wp\/v2\/comments?post=48984"}],"version-history":[{"count":0,"href":"https:\/\/globalnewsmexico.com\/sitio\/wp-json\/wp\/v2\/posts\/48984\/revisions"}],"wp:featuredmedia":[{"embeddable":true,"href":"https:\/\/globalnewsmexico.com\/sitio\/wp-json\/wp\/v2\/media\/48985"}],"wp:attachment":[{"href":"https:\/\/globalnewsmexico.com\/sitio\/wp-json\/wp\/v2\/media?parent=48984"}],"wp:term":[{"taxonomy":"category","embeddable":true,"href":"https:\/\/globalnewsmexico.com\/sitio\/wp-json\/wp\/v2\/categories?post=48984"},{"taxonomy":"post_tag","embeddable":true,"href":"https:\/\/globalnewsmexico.com\/sitio\/wp-json\/wp\/v2\/tags?post=48984"}],"curies":[{"name":"wp","href":"https:\/\/api.w.org\/{rel}","templated":true}]}}