{"id":49019,"date":"2020-06-10T15:54:07","date_gmt":"2020-06-10T20:54:07","guid":{"rendered":"http:\/\/globalnewsmexico.com\/sitio\/?p=49019"},"modified":"2020-06-10T15:54:10","modified_gmt":"2020-06-10T20:54:10","slug":"gestion-de-cuitlahuac-garcia-la-mejor-de-los-ultimos-tiempos","status":"publish","type":"post","link":"https:\/\/globalnewsmexico.com\/sitio\/gestion-de-cuitlahuac-garcia-la-mejor-de-los-ultimos-tiempos\/","title":{"rendered":"Gesti\u00f3n de Cuitl\u00e1huac Garc\u00eda, la mejor de los \u00faltimos tiempos"},"content":{"rendered":"\n<p>Los veracruzanos avalan la gesti\u00f3n del ingeniero Cuitl\u00e1huac Garc\u00eda Jim\u00e9nez al frente del Gobierno del Estado, manifest\u00f3 el diputado Rub\u00e9n R\u00edos Uribe, presidente del Congreso de Veracruz, quien a\u00f1adi\u00f3 que este reconocimiento se suma a lo expresado por el presidente de la Rep\u00fablica, Andr\u00e9s Manuel L\u00f3pez Obrador, que, en reiteradas ocasiones, en giras por la entidad, ha expresado su respaldo al mandatario estatal porque se trabaja de forma transparente y se combate la corrupci\u00f3n.<\/p>\n\n\n\n<p>En entrevista, el legislador de C\u00f3rdoba dijo que el Gobierno del ingeniero Garc\u00eda Jim\u00e9nez es de resultados y de logros palpables para la poblaci\u00f3n y puso como ejemplo el adecuado manejo de las finanzas estatales.<\/p>\n\n\n\n<p>Record\u00f3 que el Ejecutivo estatal, desde el inicio de su administraci\u00f3n, anunci\u00f3 las medidas para eliminar los gastos innecesarios que ven\u00edan realizando los servidores p\u00fablicos de primer nivel y se implement\u00f3 una pol\u00edtica de austeridad que ha dado resultados positivos, como lo refleja el pago de la deuda que ten\u00eda la Universidad Veracruzana (UV) con el Servicio de Administraci\u00f3n Tributaria (SAT).<\/p>\n\n\n\n<p>\u201cCon Duarte se dej\u00f3 de pagar al SAT y se increment\u00f3 esa deuda y el bienio panista de Yunes Linares prefiri\u00f3 alejarse y dejar sola a la UV. Hoy es distinto porque se sald\u00f3 la deuda, porque hablar de la UV es hablar del futuro de los miles de j\u00f3venes veracruzanos\u201d, puntualiz\u00f3.<\/p>\n\n\n\n<p>Por otra parte, R\u00edos Uribe destac\u00f3 que la transparencia en el manejo del gasto p\u00fablico, el ahorro y la adecuada planeaci\u00f3n han dado como resultados que el estado de Veracruz suba su calificaci\u00f3n crediticia y ejemplific\u00f3 el caso de la financiera Moody\u00b4s de M\u00e9xico, quien adem\u00e1s de subir la calificaci\u00f3n, mantuvo la perspectiva de estable, lo cual representa una evidencia del buen manejo financiero de la administraci\u00f3n estatal.<\/p>\n\n\n\n<p>En tanto, el legislador Rub\u00e9n R\u00edos expuso que el gobernador Garc\u00eda Jim\u00e9nez ha dado muestra de que, a diferencia del pasado, se trabaja pensando en el bienestar de la gente y no de algunos grupos que, en su af\u00e1n por seguir en el Poder y los beneficios que ello conlleva, confunden a la gente y buscan dividir las opiniones. \u201cExhorto a quienes no comulgan con la transformaci\u00f3n que vive M\u00e9xico a reflexionar sobre su estrategia y evitar la polarizaci\u00f3n, que en estos momentos se requiere la unidad y di\u00e1logo para salir adelante\u201d.<\/p>\n\n\n\n<p>Asimismo, expuso que la eficacia del Ejecutivo estatal, adem\u00e1s del ramo financiero, se vio en d\u00edas pasados al actuar de inmediato en la reorganizaci\u00f3n hospitalaria para la atenci\u00f3n de la pandemia, generada por el coronavirus, Covid-19; acci\u00f3n que fue reconocida por el Subsecretario de Salud Federal, Hugo L\u00f3pez Gatell.<\/p>\n\n\n\n<p>Por \u00faltimo, el diputado Rub\u00e9n R\u00edos precis\u00f3 que, de acuerdo a la encuestadora C&amp;E Research y Demot\u00e1ctica, la administraci\u00f3n del ingeniero Cuitl\u00e1huac Garc\u00eda registra una alta aprobaci\u00f3n por parte de las y los veracruzanos, \u201ceso es reflejo que las cosas se est\u00e1n haciendo bien y que la gente lo reconoce, que la transparencia y la rendici\u00f3n de cuentas al pueblo veracruzano es hoy una realidad\u201d.<\/p>\n","protected":false},"excerpt":{"rendered":"<p>#Estado Los veracruzanos avalan la gesti\u00f3n del ingeniero #Cuitl\u00e1huacGarc\u00edaJim\u00e9nez al frente del Gobierno del Estado, manifest\u00f3 el #diputado #Rub\u00e9nR\u00edosUribe, presidente del #Congreso de #Veracruz<\/p>\n","protected":false},"author":5,"featured_media":49020,"comment_status":"closed","ping_status":"open","sticky":false,"template":"","format":"standard","meta":{"spay_email":"","footnotes":""},"categories":[37,8,50,52],"tags":[],"jetpack_featured_media_url":"https:\/\/i2.wp.com\/globalnewsmexico.com\/sitio\/wp-content\/uploads\/2020\/06\/477515fe-bfbb-44b2-94b6-93b89f4679c9.jpg?fit=1024%2C683&ssl=1","jetpack_sharing_enabled":true,"jetpack_shortlink":"https:\/\/wp.me\/p9yqPL-cKD","jetpack_likes_enabled":true,"_links":{"self":[{"href":"https:\/\/globalnewsmexico.com\/sitio\/wp-json\/wp\/v2\/posts\/49019"}],"collection":[{"href":"https:\/\/globalnewsmexico.com\/sitio\/wp-json\/wp\/v2\/posts"}],"about":[{"href":"https:\/\/globalnewsmexico.com\/sitio\/wp-json\/wp\/v2\/types\/post"}],"author":[{"embeddable":true,"href":"https:\/\/globalnewsmexico.com\/sitio\/wp-json\/wp\/v2\/users\/5"}],"replies":[{"embeddable":true,"href":"https:\/\/globalnewsmexico.com\/sitio\/wp-json\/wp\/v2\/comments?post=49019"}],"version-history":[{"count":0,"href":"https:\/\/globalnewsmexico.com\/sitio\/wp-json\/wp\/v2\/posts\/49019\/revisions"}],"wp:featuredmedia":[{"embeddable":true,"href":"https:\/\/globalnewsmexico.com\/sitio\/wp-json\/wp\/v2\/media\/49020"}],"wp:attachment":[{"href":"https:\/\/globalnewsmexico.com\/sitio\/wp-json\/wp\/v2\/media?parent=49019"}],"wp:term":[{"taxonomy":"category","embeddable":true,"href":"https:\/\/globalnewsmexico.com\/sitio\/wp-json\/wp\/v2\/categories?post=49019"},{"taxonomy":"post_tag","embeddable":true,"href":"https:\/\/globalnewsmexico.com\/sitio\/wp-json\/wp\/v2\/tags?post=49019"}],"curies":[{"name":"wp","href":"https:\/\/api.w.org\/{rel}","templated":true}]}}