{"id":49033,"date":"2020-06-11T10:13:51","date_gmt":"2020-06-11T15:13:51","guid":{"rendered":"http:\/\/globalnewsmexico.com\/sitio\/?p=49033"},"modified":"2020-06-11T10:14:35","modified_gmt":"2020-06-11T15:14:35","slug":"lluvias-inundan-fraccionamiento-de-veracruz","status":"publish","type":"post","link":"https:\/\/globalnewsmexico.com\/sitio\/lluvias-inundan-fraccionamiento-de-veracruz\/","title":{"rendered":"Lluvias inundan fraccionamiento de Veracruz"},"content":{"rendered":"\n<p>Las fuertes lluvias que se registraron el mi\u00e9rcoles, generaron inundaciones en el fraccionamiento Floresta, en el puerto de Veracruz; habitantes piden la intervenci\u00f3n de las autoridades municipales.<\/p>\n\n\n\n<p>La inundaci\u00f3n empieza desde la calle Armada de M\u00e9xico y alcanzar\u00eda al menos la mitad del fraccionamiento, afectando a unas 900 familias.<\/p>\n\n\n\n<p>De acuerdo con los afectados, solo funcionan dos de las cuatro bombas de agua para retirar el agua de las calles.<\/p>\n\n\n\n<p>Incluso en algunas zonas se quedaron sin energ\u00eda el\u00e9ctrica.<\/p>\n\n\n\n<p>Fuente: Xeu Noticias<\/p>\n","protected":false},"excerpt":{"rendered":"<p>#Local Las fuertes #lluvias que se registraron el mi\u00e9rcoles, generaron #inundaciones en el fraccionamiento #Floresta, en el puerto de #Veracruz; habitantes piden la intervenci\u00f3n de las autoridades municipales.<\/p>\n","protected":false},"author":5,"featured_media":49034,"comment_status":"closed","ping_status":"open","sticky":false,"template":"","format":"standard","meta":{"spay_email":"","footnotes":""},"categories":[37,8,50,52],"tags":[],"jetpack_featured_media_url":"https:\/\/i1.wp.com\/globalnewsmexico.com\/sitio\/wp-content\/uploads\/2020\/06\/5.jpg?fit=1040%2C779&ssl=1","jetpack_sharing_enabled":true,"jetpack_shortlink":"https:\/\/wp.me\/p9yqPL-cKR","jetpack_likes_enabled":true,"_links":{"self":[{"href":"https:\/\/globalnewsmexico.com\/sitio\/wp-json\/wp\/v2\/posts\/49033"}],"collection":[{"href":"https:\/\/globalnewsmexico.com\/sitio\/wp-json\/wp\/v2\/posts"}],"about":[{"href":"https:\/\/globalnewsmexico.com\/sitio\/wp-json\/wp\/v2\/types\/post"}],"author":[{"embeddable":true,"href":"https:\/\/globalnewsmexico.com\/sitio\/wp-json\/wp\/v2\/users\/5"}],"replies":[{"embeddable":true,"href":"https:\/\/globalnewsmexico.com\/sitio\/wp-json\/wp\/v2\/comments?post=49033"}],"version-history":[{"count":0,"href":"https:\/\/globalnewsmexico.com\/sitio\/wp-json\/wp\/v2\/posts\/49033\/revisions"}],"wp:featuredmedia":[{"embeddable":true,"href":"https:\/\/globalnewsmexico.com\/sitio\/wp-json\/wp\/v2\/media\/49034"}],"wp:attachment":[{"href":"https:\/\/globalnewsmexico.com\/sitio\/wp-json\/wp\/v2\/media?parent=49033"}],"wp:term":[{"taxonomy":"category","embeddable":true,"href":"https:\/\/globalnewsmexico.com\/sitio\/wp-json\/wp\/v2\/categories?post=49033"},{"taxonomy":"post_tag","embeddable":true,"href":"https:\/\/globalnewsmexico.com\/sitio\/wp-json\/wp\/v2\/tags?post=49033"}],"curies":[{"name":"wp","href":"https:\/\/api.w.org\/{rel}","templated":true}]}}