{"id":49105,"date":"2020-06-12T11:23:06","date_gmt":"2020-06-12T16:23:06","guid":{"rendered":"http:\/\/globalnewsmexico.com\/sitio\/?p=49105"},"modified":"2020-06-12T11:23:09","modified_gmt":"2020-06-12T16:23:09","slug":"homicidio-de-giovanni-lopez-fue-una-ejecucion-extrajudicial-cedhj","status":"publish","type":"post","link":"https:\/\/globalnewsmexico.com\/sitio\/homicidio-de-giovanni-lopez-fue-una-ejecucion-extrajudicial-cedhj\/","title":{"rendered":"Homicidio de Giovanni L\u00f3pez fue una ejecuci\u00f3n extrajudicial: CEDHJ"},"content":{"rendered":"\n<p>El asesinato de Alejandro\u00a0Giovanni L\u00f3pez fue una ejecuci\u00f3n extrajudicial, asegur\u00f3 la Comisi\u00f3n Estatal de Derechos Humanos de Jalisco (CEDHJ).<\/p>\n\n\n\n<p>De acuerdo con un informe especial realizado por la CEDHJ,\u00a0Giovanni L\u00f3pez\u00a0Ram\u00edrez ingres\u00f3 a los separos municipales de\u00a0Ixtlahuac\u00e1n\u00a0de los Membrillos, Jalisco, a las 22:17 horas del 4 de mayo; en la ficha de ingreso, el alcaide\u00a0a cargo asent\u00f3 que el hombre de 30 a\u00f1os no se encontraba en buen estado de salud.<\/p>\n\n\n\n<p>Mientras que en el informe policial, un uniformado que particip\u00f3 en la detenci\u00f3n de\u00a0L\u00f3pez Ram\u00edrez\u00a0se\u00f1al\u00f3 que, el detenido agredi\u00f3 a golpes y verbalmente a los oficiales, puso resistencia a la aprehensi\u00f3n y forceje\u00f3 con un polic\u00eda, a quien intent\u00f3 desarmar.<\/p>\n\n\n\n<p>Debido a lo anterior, justifica, se utiliz\u00f3 la fuerza para evitar que desarmar\u00e1 al oficial y despu\u00e9s fue traslad\u00f3 a los servicios m\u00e9dicos para su valoraci\u00f3n.<\/p>\n\n\n\n<p>El parte m\u00e9dico, elaborado el 4 de mayo a las 21:50 horas por el m\u00e9dico de Servicios M\u00e9dicos Municipales, revela que Giovanni L\u00f3pez presentaba \u201clesiones contusiones localizadas en ojo derecho y ojo izquierdo, p\u00f3mulo izquierdo; t\u00f3rax anterior parrilla costal lado derecho; epigastrio, mesograstrio, m\u00faltiples contusiones\u201d.<\/p>\n\n\n\n<p>Adem\u00e1s, el directo de los Servicios M\u00e9dicos municipales, al ser entrevistado por la CEDHJ, asegur\u00f3 que la v\u00edctima se encontraba bajo la influencia de alguna droga y con aliento alcoh\u00f3lico, por lo que se omiti\u00f3 preguntarle el origen de sus lesiones.<\/p>\n\n\n\n<p>El 5 de mayo,\u00a0L\u00f3pez Rodr\u00edguez\u00a0fue atendido por otro m\u00e9dico y enfermero, quienes no proporcionaron mayor informaci\u00f3n al respecto. La ma\u00f1ana de ese d\u00eda, fue trasladado de emergencia a un hospital particular de Chapala para practicarle una tomograf\u00eda de cr\u00e1neo, la cual finalmente no se realiz\u00f3; sin embargo, nunca ingres\u00f3 como paciente.<\/p>\n\n\n\n<p>A las 10:00 horas, asisti\u00f3 una ambulancia del Sistema de Atenci\u00f3n M\u00e9dica de Urgencias al hospital con\u00a0Giovanni L\u00f3pez, dos param\u00e9dicos, dos polic\u00edas y uno m\u00e1s con uniforme de especialista, a practicarle una tomograf\u00eda de cr\u00e1neo.<\/p>\n\n\n\n<p>Aunque, el estudio no se realiz\u00f3 y la ambulancia se retir\u00f3 sin indicar motivo alguno. La muerte de Giovanni ocurri\u00f3 en los servicios m\u00e9dicos de Ixtlahuac\u00e1n, situaci\u00f3n de la que tuvo noticia de dicho acontecimiento a las 12:00 horas del 5 de mayo del 2020; de ah\u00ed fue trasladado a las inmediaciones correspondientes del servicio m\u00e9dico forense del Instituto Jalisciense de Ciencias Forenses, sin saber qui\u00e9n reclam\u00f3 el cuerpo.<\/p>\n\n\n\n<p>Tras este an\u00e1lisis, la CEDHJ afirm\u00f3 que \u201celementos de la Polic\u00eda Municipal de Ixtlahuac\u00e1n de los Membrillos, detuvieron el 4 de mayo de 2020, de manera ilegal y arbitraria, a Alejandro Giovanni L\u00f3pez Ram\u00edrez, golpe\u00e1ndolo excesivamente al momento de detenerlo.<\/p>\n\n\n\n<p>\u201cTodo indica que la muerte fue consecuencia de las lesiones que sufri\u00f3 durante la custodia por parte de las autoridades municipales y que aparecen en el parte m\u00e9dico elaborado el 4 de mayo de 2020 a las 21:50 horas\u201d.<\/p>\n\n\n\n<p>Fuente: Radio F\u00f3rmula<\/p>\n","protected":false},"excerpt":{"rendered":"<p>#M\u00e9xico El #asesinato de #GiovanniL\u00f3pez fue una #ejecuci\u00f3n #extrajudicial, de acuerdo con un informe especial de la Comisi\u00f3n Estatal de Derechos Humanos de Jalisco (#CEDHJ).<\/p>\n","protected":false},"author":5,"featured_media":49106,"comment_status":"closed","ping_status":"open","sticky":false,"template":"","format":"standard","meta":{"spay_email":"","footnotes":""},"categories":[37,8,49,52],"tags":[],"jetpack_featured_media_url":"https:\/\/i1.wp.com\/globalnewsmexico.com\/sitio\/wp-content\/uploads\/2020\/06\/ejecucion-extrajudicial-giovanni-lopez.jpg?fit=1040%2C589&ssl=1","jetpack_sharing_enabled":true,"jetpack_shortlink":"https:\/\/wp.me\/p9yqPL-cM1","jetpack_likes_enabled":true,"_links":{"self":[{"href":"https:\/\/globalnewsmexico.com\/sitio\/wp-json\/wp\/v2\/posts\/49105"}],"collection":[{"href":"https:\/\/globalnewsmexico.com\/sitio\/wp-json\/wp\/v2\/posts"}],"about":[{"href":"https:\/\/globalnewsmexico.com\/sitio\/wp-json\/wp\/v2\/types\/post"}],"author":[{"embeddable":true,"href":"https:\/\/globalnewsmexico.com\/sitio\/wp-json\/wp\/v2\/users\/5"}],"replies":[{"embeddable":true,"href":"https:\/\/globalnewsmexico.com\/sitio\/wp-json\/wp\/v2\/comments?post=49105"}],"version-history":[{"count":0,"href":"https:\/\/globalnewsmexico.com\/sitio\/wp-json\/wp\/v2\/posts\/49105\/revisions"}],"wp:featuredmedia":[{"embeddable":true,"href":"https:\/\/globalnewsmexico.com\/sitio\/wp-json\/wp\/v2\/media\/49106"}],"wp:attachment":[{"href":"https:\/\/globalnewsmexico.com\/sitio\/wp-json\/wp\/v2\/media?parent=49105"}],"wp:term":[{"taxonomy":"category","embeddable":true,"href":"https:\/\/globalnewsmexico.com\/sitio\/wp-json\/wp\/v2\/categories?post=49105"},{"taxonomy":"post_tag","embeddable":true,"href":"https:\/\/globalnewsmexico.com\/sitio\/wp-json\/wp\/v2\/tags?post=49105"}],"curies":[{"name":"wp","href":"https:\/\/api.w.org\/{rel}","templated":true}]}}