{"id":49120,"date":"2020-06-12T14:22:34","date_gmt":"2020-06-12T19:22:34","guid":{"rendered":"http:\/\/globalnewsmexico.com\/sitio\/?p=49120"},"modified":"2020-06-12T14:22:37","modified_gmt":"2020-06-12T19:22:37","slug":"ejecutan-a-director-de-la-policia-municipal-de-ciudad-isla-veracruz","status":"publish","type":"post","link":"https:\/\/globalnewsmexico.com\/sitio\/ejecutan-a-director-de-la-policia-municipal-de-ciudad-isla-veracruz\/","title":{"rendered":"Ejecutan a director de la Polic\u00eda Municipal de Ciudad Isla, Veracruz"},"content":{"rendered":"\n<p>Amado\u00a0M\u00e9rida Ruiz, director de la Polic\u00eda y Ordenamiento Municipal de Ciudad Isla, Veracruz, fue asesinado a balazos este viernes.<\/p>\n\n\n\n<p>De acuerdo con los primeros reportes, los hechos se registraron\u00a0cuando el director de la Polic\u00eda Municipal circulaba en su camioneta por calles de dicho municipio, cuando sujetos armados lo interceptaron\u00a0 y lo atacaron a disparos.<\/p>\n\n\n\n<p>Ante este hecho, elementos polic\u00edacos se encuentran en el lugar realizando\u00a0las diligencias correspondientes, adem\u00e1s de que se despleg\u00f3 un intenso operativo de b\u00fasqueda para dar con los responsables.<\/p>\n\n\n\n<p>Fuente: Xeu Noticias<\/p>\n","protected":false},"excerpt":{"rendered":"<p>#Local #AmadoM\u00e9ridaRuiz, director de la #Polic\u00eda y Ordenamiento Municipal de #CiudadIsla, #Veracruz, fue #asesinado a #balazos por un grupo armado.<\/p>\n","protected":false},"author":5,"featured_media":49121,"comment_status":"closed","ping_status":"open","sticky":false,"template":"","format":"standard","meta":{"spay_email":"","footnotes":""},"categories":[37,8,50,52],"tags":[],"jetpack_featured_media_url":"https:\/\/i2.wp.com\/globalnewsmexico.com\/sitio\/wp-content\/uploads\/2020\/06\/1106208.jpg?fit=1024%2C683&ssl=1","jetpack_sharing_enabled":true,"jetpack_shortlink":"https:\/\/wp.me\/p9yqPL-cMg","jetpack_likes_enabled":true,"_links":{"self":[{"href":"https:\/\/globalnewsmexico.com\/sitio\/wp-json\/wp\/v2\/posts\/49120"}],"collection":[{"href":"https:\/\/globalnewsmexico.com\/sitio\/wp-json\/wp\/v2\/posts"}],"about":[{"href":"https:\/\/globalnewsmexico.com\/sitio\/wp-json\/wp\/v2\/types\/post"}],"author":[{"embeddable":true,"href":"https:\/\/globalnewsmexico.com\/sitio\/wp-json\/wp\/v2\/users\/5"}],"replies":[{"embeddable":true,"href":"https:\/\/globalnewsmexico.com\/sitio\/wp-json\/wp\/v2\/comments?post=49120"}],"version-history":[{"count":0,"href":"https:\/\/globalnewsmexico.com\/sitio\/wp-json\/wp\/v2\/posts\/49120\/revisions"}],"wp:featuredmedia":[{"embeddable":true,"href":"https:\/\/globalnewsmexico.com\/sitio\/wp-json\/wp\/v2\/media\/49121"}],"wp:attachment":[{"href":"https:\/\/globalnewsmexico.com\/sitio\/wp-json\/wp\/v2\/media?parent=49120"}],"wp:term":[{"taxonomy":"category","embeddable":true,"href":"https:\/\/globalnewsmexico.com\/sitio\/wp-json\/wp\/v2\/categories?post=49120"},{"taxonomy":"post_tag","embeddable":true,"href":"https:\/\/globalnewsmexico.com\/sitio\/wp-json\/wp\/v2\/tags?post=49120"}],"curies":[{"name":"wp","href":"https:\/\/api.w.org\/{rel}","templated":true}]}}