{"id":49127,"date":"2020-06-12T14:51:41","date_gmt":"2020-06-12T19:51:41","guid":{"rendered":"http:\/\/globalnewsmexico.com\/sitio\/?p=49127"},"modified":"2020-06-12T14:51:44","modified_gmt":"2020-06-12T19:51:44","slug":"personal-medico-acusa-subregistro-de-muertes-por-covid-19-de-companeros","status":"publish","type":"post","link":"https:\/\/globalnewsmexico.com\/sitio\/personal-medico-acusa-subregistro-de-muertes-por-covid-19-de-companeros\/","title":{"rendered":"Personal m\u00e9dico acusa subregistro de muertes por Covid-19 de compa\u00f1eros"},"content":{"rendered":"\n<p>El Instituto Mexicano del Seguro Social (IMSS) entreg\u00f3 a los integrantes de Uni\u00f3n de Trabajadores de la Salud de M\u00e9xico, una lista de 116 trabajadores que han fallecido a causa del Covid-19; sin embargo, estos se\u00f1alan que hay un subregistro en las muertes por la pandemia.<\/p>\n\n\n\n<p>\u201cEllos reconocen a 116 compa\u00f1eros por contagio; no nos cuadran los n\u00fameros que se dan en las conferencias. No nos cuadran los n\u00fameros que anuncio Zo\u00e9. Lo que nosotros vemos es otra realidad muy distinta\u201d, dijo Rafael Soto Cruz, enfermero del Hospital de Cardiolog\u00eda del Centro M\u00e9dico Nacional Siglo XXI.<\/p>\n\n\n\n<p>La lista con corte al 9 de junio y que el IMSS entreg\u00f3, no cuenta con nombres, solamente contiene la categor\u00eda del trabajador y el hospital al que pertenec\u00eda.<\/p>\n\n\n\n<p>\u201cLe pedimos a todos los compa\u00f1eros del pa\u00eds que la comparen con lo que ustedes saben que est\u00e1 sucediendo, ser\u00e1 nuestra la tarea verificar si coincide lo que ellos dicen con lo que nosotros estamos viviendo\u201d agreg\u00f3.<\/p>\n\n\n\n<p>A 20 d\u00edas de la marcha que tienen planeada para el 1 de julio, los trabajadores del IMSS, Issste y Sedesa reprocharon la falta de la pruebas para Covid-19 para m\u00e9dicos y enfermeras que lo requieren, en contraste con las al menos siete pruebas que se ha aplicado el director de IMSS, Zo\u00e9 Robledo, en dos meses<\/p>\n\n\n\n<p>\u201cSi un funcionario que dicta la pol\u00edtica sanitaria desde un b\u00fanker, sin ver pacientes, puede tener acceso a siete pruebas, \u00bfpor qu\u00e9 un enfermero no tiene acceso a una sola?\u201d, reclamaron.<\/p>\n\n\n\n<p>El enfermero Benito G\u00f3mez Velasco, quien trabaja en el Hospital de las Culturas en San Crist\u00f3bal de las Casas, Chiapas, dijo que en su estado hab\u00eda hasta ayer 16 compa\u00f1eros que murieron a causa de Covid-19, solamente de trabajadores de la Secretar\u00eda de Salud.<\/p>\n\n\n\n<p>Denunci\u00f3 que tambi\u00e9n cesaron a dos compa\u00f1eras por exigir que les dieron los recursos necesarios para atender a personas contagiadas de coronavirus.<\/p>\n\n\n\n<p>Por su parte, \u00d3scar Mart\u00ednez Garc\u00eda, del Hospital General de Zona 1 del Estado de Oaxaca, se\u00f1al\u00f3 que \u201chay m\u00e1s de 250 compa\u00f1eros muertos\u201d por la falta de insumos.<\/p>\n\n\n\n<p>La Uni\u00f3n de Trabajadores de la Salud de M\u00e9xico prev\u00e9 una movilizaci\u00f3n nacional para el pr\u00f3ximo 1 de julio, en demanda de mejores condiciones laborales para el gremio.<\/p>\n\n\n\n<p>Fuente: Milenio<\/p>\n","protected":false},"excerpt":{"rendered":"<p>#Ent\u00e9rate El IMSS entreg\u00f3 a los integrantes de Uni\u00f3n de Trabajadores de la Salud de #M\u00e9xico, una lista de 116 trabajadores que han fallecido a causa del #Covid19; sin embargo, estos se\u00f1alan que hay un #subregistro en las #muertes por la #pandemia.<\/p>\n","protected":false},"author":5,"featured_media":49128,"comment_status":"closed","ping_status":"open","sticky":false,"template":"","format":"standard","meta":{"spay_email":"","footnotes":""},"categories":[37,8,49,52],"tags":[],"jetpack_featured_media_url":"https:\/\/i0.wp.com\/globalnewsmexico.com\/sitio\/wp-content\/uploads\/2020\/06\/protesta-personal-medico-secretaria-salud_0_147_1200_746.jpeg?fit=958%2C596&ssl=1","jetpack_sharing_enabled":true,"jetpack_shortlink":"https:\/\/wp.me\/p9yqPL-cMn","jetpack_likes_enabled":true,"_links":{"self":[{"href":"https:\/\/globalnewsmexico.com\/sitio\/wp-json\/wp\/v2\/posts\/49127"}],"collection":[{"href":"https:\/\/globalnewsmexico.com\/sitio\/wp-json\/wp\/v2\/posts"}],"about":[{"href":"https:\/\/globalnewsmexico.com\/sitio\/wp-json\/wp\/v2\/types\/post"}],"author":[{"embeddable":true,"href":"https:\/\/globalnewsmexico.com\/sitio\/wp-json\/wp\/v2\/users\/5"}],"replies":[{"embeddable":true,"href":"https:\/\/globalnewsmexico.com\/sitio\/wp-json\/wp\/v2\/comments?post=49127"}],"version-history":[{"count":0,"href":"https:\/\/globalnewsmexico.com\/sitio\/wp-json\/wp\/v2\/posts\/49127\/revisions"}],"wp:featuredmedia":[{"embeddable":true,"href":"https:\/\/globalnewsmexico.com\/sitio\/wp-json\/wp\/v2\/media\/49128"}],"wp:attachment":[{"href":"https:\/\/globalnewsmexico.com\/sitio\/wp-json\/wp\/v2\/media?parent=49127"}],"wp:term":[{"taxonomy":"category","embeddable":true,"href":"https:\/\/globalnewsmexico.com\/sitio\/wp-json\/wp\/v2\/categories?post=49127"},{"taxonomy":"post_tag","embeddable":true,"href":"https:\/\/globalnewsmexico.com\/sitio\/wp-json\/wp\/v2\/tags?post=49127"}],"curies":[{"name":"wp","href":"https:\/\/api.w.org\/{rel}","templated":true}]}}