{"id":49154,"date":"2020-06-13T12:29:11","date_gmt":"2020-06-13T17:29:11","guid":{"rendered":"http:\/\/globalnewsmexico.com\/sitio\/?p=49154"},"modified":"2020-06-13T12:29:15","modified_gmt":"2020-06-13T17:29:15","slug":"realizan-segunda-caravana-contra-amlo-en-boca-del-rio","status":"publish","type":"post","link":"https:\/\/globalnewsmexico.com\/sitio\/realizan-segunda-caravana-contra-amlo-en-boca-del-rio\/","title":{"rendered":"Realizan segunda caravana contra AMLO en Boca del R\u00edo"},"content":{"rendered":"\n<p>Este s\u00e1bado se llev\u00f3 a cabo la segunda caravana contra el presidente Andr\u00e9s Manuel L\u00f3pez Obrador, en Boca del R\u00edo, Veracruz; exigen la renuncia del mandatario federal.<\/p>\n\n\n\n<p>Un gran n\u00famero de veh\u00edculos participaron en esta manifestaci\u00f3n pac\u00edfica, entre autos compactos, camionetas, suburbans, de lujo y algunos m\u00e1s austeros.<\/p>\n\n\n\n<p>Esta marcha inici\u00f3 poco despu\u00e9s de las 9 de la ma\u00f1ana; el convoy parti\u00f3 de la plaza Juan Pablo II, en el bulevar \u00c1vila Camacho, para incorporarse despu\u00e9s al bulevar Ruiz Cortines, seguir a Miguel Alem\u00e1n, la Riviera Veracruzana y regresar por la misma ruta al lugar donde iniciaron.<\/p>\n\n\n\n<p>Fuente: Xeu Noticias<\/p>\n","protected":false},"excerpt":{"rendered":"<p>#Estado Este s\u00e1bado se llev\u00f3 a cabo la segunda #caravana contra el presidente #Andr\u00e9sManuelL\u00f3pezObrador, en #BocaDelR\u00edo, #Veracruz; exigen la #renuncia del mandatario federal.<\/p>\n","protected":false},"author":5,"featured_media":49155,"comment_status":"closed","ping_status":"open","sticky":false,"template":"","format":"standard","meta":{"spay_email":"","footnotes":""},"categories":[37,8,50,52],"tags":[],"jetpack_featured_media_url":"https:\/\/i0.wp.com\/globalnewsmexico.com\/sitio\/wp-content\/uploads\/2020\/06\/1106338.jpg?fit=1024%2C683&ssl=1","jetpack_sharing_enabled":true,"jetpack_shortlink":"https:\/\/wp.me\/p9yqPL-cMO","jetpack_likes_enabled":true,"_links":{"self":[{"href":"https:\/\/globalnewsmexico.com\/sitio\/wp-json\/wp\/v2\/posts\/49154"}],"collection":[{"href":"https:\/\/globalnewsmexico.com\/sitio\/wp-json\/wp\/v2\/posts"}],"about":[{"href":"https:\/\/globalnewsmexico.com\/sitio\/wp-json\/wp\/v2\/types\/post"}],"author":[{"embeddable":true,"href":"https:\/\/globalnewsmexico.com\/sitio\/wp-json\/wp\/v2\/users\/5"}],"replies":[{"embeddable":true,"href":"https:\/\/globalnewsmexico.com\/sitio\/wp-json\/wp\/v2\/comments?post=49154"}],"version-history":[{"count":0,"href":"https:\/\/globalnewsmexico.com\/sitio\/wp-json\/wp\/v2\/posts\/49154\/revisions"}],"wp:featuredmedia":[{"embeddable":true,"href":"https:\/\/globalnewsmexico.com\/sitio\/wp-json\/wp\/v2\/media\/49155"}],"wp:attachment":[{"href":"https:\/\/globalnewsmexico.com\/sitio\/wp-json\/wp\/v2\/media?parent=49154"}],"wp:term":[{"taxonomy":"category","embeddable":true,"href":"https:\/\/globalnewsmexico.com\/sitio\/wp-json\/wp\/v2\/categories?post=49154"},{"taxonomy":"post_tag","embeddable":true,"href":"https:\/\/globalnewsmexico.com\/sitio\/wp-json\/wp\/v2\/tags?post=49154"}],"curies":[{"name":"wp","href":"https:\/\/api.w.org\/{rel}","templated":true}]}}