{"id":49167,"date":"2020-06-13T14:27:12","date_gmt":"2020-06-13T19:27:12","guid":{"rendered":"http:\/\/globalnewsmexico.com\/sitio\/?p=49167"},"modified":"2020-06-13T14:27:14","modified_gmt":"2020-06-13T19:27:14","slug":"renuncia-ministro-de-salud-de-chile-en-plena-crisis-por-covid-19","status":"publish","type":"post","link":"https:\/\/globalnewsmexico.com\/sitio\/renuncia-ministro-de-salud-de-chile-en-plena-crisis-por-covid-19\/","title":{"rendered":"Renuncia ministro de Salud de Chile en plena crisis por Covid-19"},"content":{"rendered":"\n<p>Jaime Ma\u00f1alich, ministro de Salud de Chile, renunci\u00f3 este s\u00e1bado a su cargo en medio de la crisis por el coronavirus, tras m\u00e1s de una semana de pol\u00e9micas sobre las cifras de la pandemia, que deja m\u00e1s de tres mil muertes en el pa\u00eds.<\/p>\n\n\n\n<p>&nbsp;\u00abAgradezco el compromiso y la entrega de Jaime Ma\u00f1alich\u00bb, dijo el presidente chileno Sebasti\u00e1n Pi\u00f1era sobre el ministro saliente, muy cercano al mandatario.<\/p>\n\n\n\n<p>El ahora exministro de Salud ocup\u00f3 este cargo en el primer periodo presidencial de Sebasti\u00e1n Pi\u00f1era, entre 2010-2014.<\/p>\n\n\n\n<p>Tras la renuncia de Jaime Ma\u00f1alich, fue designado como ministro de Salud el expresidente del Colegio M\u00e9dico, Enrique Paris.<\/p>\n\n\n\n<p>Fuente: Agencias<\/p>\n","protected":false},"excerpt":{"rendered":"<p>#Mundo #JaimeMa\u00f1alich, ministro de #Salud de #Chile, renunci\u00f3 este s\u00e1bado a su cargo en medio de la #crisis por el #coronavirus, tras m\u00e1s de una semana de pol\u00e9micas sobre las cifras de la #pandemia, que deja m\u00e1s de tres mil #muertes en el pa\u00eds.<\/p>\n","protected":false},"author":5,"featured_media":49168,"comment_status":"closed","ping_status":"open","sticky":false,"template":"","format":"standard","meta":{"spay_email":"","footnotes":""},"categories":[37,8,48,52],"tags":[],"jetpack_featured_media_url":"https:\/\/i1.wp.com\/globalnewsmexico.com\/sitio\/wp-content\/uploads\/2020\/06\/1106361.jpg?fit=1024%2C659&ssl=1","jetpack_sharing_enabled":true,"jetpack_shortlink":"https:\/\/wp.me\/p9yqPL-cN1","jetpack_likes_enabled":true,"_links":{"self":[{"href":"https:\/\/globalnewsmexico.com\/sitio\/wp-json\/wp\/v2\/posts\/49167"}],"collection":[{"href":"https:\/\/globalnewsmexico.com\/sitio\/wp-json\/wp\/v2\/posts"}],"about":[{"href":"https:\/\/globalnewsmexico.com\/sitio\/wp-json\/wp\/v2\/types\/post"}],"author":[{"embeddable":true,"href":"https:\/\/globalnewsmexico.com\/sitio\/wp-json\/wp\/v2\/users\/5"}],"replies":[{"embeddable":true,"href":"https:\/\/globalnewsmexico.com\/sitio\/wp-json\/wp\/v2\/comments?post=49167"}],"version-history":[{"count":0,"href":"https:\/\/globalnewsmexico.com\/sitio\/wp-json\/wp\/v2\/posts\/49167\/revisions"}],"wp:featuredmedia":[{"embeddable":true,"href":"https:\/\/globalnewsmexico.com\/sitio\/wp-json\/wp\/v2\/media\/49168"}],"wp:attachment":[{"href":"https:\/\/globalnewsmexico.com\/sitio\/wp-json\/wp\/v2\/media?parent=49167"}],"wp:term":[{"taxonomy":"category","embeddable":true,"href":"https:\/\/globalnewsmexico.com\/sitio\/wp-json\/wp\/v2\/categories?post=49167"},{"taxonomy":"post_tag","embeddable":true,"href":"https:\/\/globalnewsmexico.com\/sitio\/wp-json\/wp\/v2\/tags?post=49167"}],"curies":[{"name":"wp","href":"https:\/\/api.w.org\/{rel}","templated":true}]}}