{"id":49181,"date":"2020-06-13T16:20:10","date_gmt":"2020-06-13T21:20:10","guid":{"rendered":"http:\/\/globalnewsmexico.com\/sitio\/?p=49181"},"modified":"2020-06-13T16:20:22","modified_gmt":"2020-06-13T21:20:22","slug":"muere-alcalde-de-reyes-etla-oaxaca-presuntamente-por-covid-19","status":"publish","type":"post","link":"https:\/\/globalnewsmexico.com\/sitio\/muere-alcalde-de-reyes-etla-oaxaca-presuntamente-por-covid-19\/","title":{"rendered":"Muere alcalde de Reyes Etla, Oaxaca, presuntamente por Covid-19"},"content":{"rendered":"\n<p>El presidente municipal de Reyes Etla, Oaxaca, Javier Santiago Ruiz, falleci\u00f3 ayer por la noche presuntamente v\u00edctima de Covid-19.<\/p>\n\n\n\n<p>A trav\u00e9s de un comunicado, la Regidur\u00eda de Agencias y Colonias del municipio de los Valles Centrales confirm\u00f3 el deceso.<\/p>\n\n\n\n<p>\u201cBuenos d\u00edas vecinos, queremos informales que el d\u00eda de ayer falleci\u00f3 el presidente municipal de esta cabecera, el C. P\u00fablico Javier Santiago Ruiz, quien tuvo el valor c\u00edvico de darle la paz y armon\u00eda al municipio despu\u00e9s de tres a\u00f1os de un conflicto electoral\u201d, se lee en el oficio.<\/p>\n\n\n\n<p>El informe envi\u00f3 condolencias a los familiares de\u00a0Javier Santiago Ruiz, \u00a0quien hace unos d\u00edas comenz\u00f3 a tener s\u00edntomas parecidos a los que provoca la enfermedad.<\/p>\n\n\n\n<p>\u201cA los familiares y amistades que lo acompa\u00f1an les pedimos una pronta resignaci\u00f3n y que Dios les de mucha fuerza y fe\u201d, comunicaron.<\/p>\n\n\n\n<p>Hasta el momento, no se ha confirmado si el funcionario muri\u00f3 por la pandemia o se trat\u00f3 de otro padecimiento.<\/p>\n\n\n\n<p>Fuente: Diario de M\u00e9xico<\/p>\n","protected":false},"excerpt":{"rendered":"<p>#M\u00e9xico El presidente municipal de #ReyesEtla, #Oaxaca, #JavierSantiagoRuiz, falleci\u00f3 presuntamente v\u00edctima de #Covid19, inform\u00f3 la Regidur\u00eda de Agencias y Colonias del municipio.<\/p>\n","protected":false},"author":5,"featured_media":49182,"comment_status":"closed","ping_status":"open","sticky":false,"template":"","format":"standard","meta":{"spay_email":"","footnotes":""},"categories":[37,8,49,52],"tags":[],"jetpack_featured_media_url":"https:\/\/i1.wp.com\/globalnewsmexico.com\/sitio\/wp-content\/uploads\/2020\/06\/2379981.jpg?fit=1040%2C780&ssl=1","jetpack_sharing_enabled":true,"jetpack_shortlink":"https:\/\/wp.me\/p9yqPL-cNf","jetpack_likes_enabled":true,"_links":{"self":[{"href":"https:\/\/globalnewsmexico.com\/sitio\/wp-json\/wp\/v2\/posts\/49181"}],"collection":[{"href":"https:\/\/globalnewsmexico.com\/sitio\/wp-json\/wp\/v2\/posts"}],"about":[{"href":"https:\/\/globalnewsmexico.com\/sitio\/wp-json\/wp\/v2\/types\/post"}],"author":[{"embeddable":true,"href":"https:\/\/globalnewsmexico.com\/sitio\/wp-json\/wp\/v2\/users\/5"}],"replies":[{"embeddable":true,"href":"https:\/\/globalnewsmexico.com\/sitio\/wp-json\/wp\/v2\/comments?post=49181"}],"version-history":[{"count":0,"href":"https:\/\/globalnewsmexico.com\/sitio\/wp-json\/wp\/v2\/posts\/49181\/revisions"}],"wp:featuredmedia":[{"embeddable":true,"href":"https:\/\/globalnewsmexico.com\/sitio\/wp-json\/wp\/v2\/media\/49182"}],"wp:attachment":[{"href":"https:\/\/globalnewsmexico.com\/sitio\/wp-json\/wp\/v2\/media?parent=49181"}],"wp:term":[{"taxonomy":"category","embeddable":true,"href":"https:\/\/globalnewsmexico.com\/sitio\/wp-json\/wp\/v2\/categories?post=49181"},{"taxonomy":"post_tag","embeddable":true,"href":"https:\/\/globalnewsmexico.com\/sitio\/wp-json\/wp\/v2\/tags?post=49181"}],"curies":[{"name":"wp","href":"https:\/\/api.w.org\/{rel}","templated":true}]}}