{"id":49191,"date":"2020-06-15T09:28:17","date_gmt":"2020-06-15T14:28:17","guid":{"rendered":"http:\/\/globalnewsmexico.com\/sitio\/?p=49191"},"modified":"2020-06-15T09:28:20","modified_gmt":"2020-06-15T14:28:20","slug":"se-manifiestan-familiares-de-desaparecidos-y-medicos-ante-visita-de-amlo-en-xalapa","status":"publish","type":"post","link":"https:\/\/globalnewsmexico.com\/sitio\/se-manifiestan-familiares-de-desaparecidos-y-medicos-ante-visita-de-amlo-en-xalapa\/","title":{"rendered":"Se manifiestan familiares de desaparecidos y m\u00e9dicos ante visita de AMLO en Xalapa"},"content":{"rendered":"\n<p>Colectivos de personas desaparecidas y m\u00e9dicos realizan una manifestaci\u00f3n en el Batall\u00f3n Militar, ante la visita del presidente Andr\u00e9s Manuel L\u00f3pez Obrador este lunes\u00a0en Xalapa, Veracruz; piden ser escuchados por el mandatario federal.<\/p>\n\n\n\n<p>La se\u00f1ora Yolanda Esp\u00edritu, integrante de un\u00a0 colectivo de personas desaparecidas, coment\u00f3 que \u201ccuando vino a Xalapa, (el presidente) se comprometi\u00f3 a ver lo de los desaparecidos, dijo que le interesaba mucho\u201d.<\/p>\n\n\n\n<p>Tambi\u00e9n se encuentra manifest\u00e1ndose personal m\u00e9dico, que exige la basificaci\u00f3n.<\/p>\n\n\n\n<p>Fuente: Xeu Noticias<\/p>\n","protected":false},"excerpt":{"rendered":"<p>#Local #Colectivos de personas #desaparecidas y #m\u00e9dicos realizan una #manifestaci\u00f3n en el #Batall\u00f3nMilitar, ante la visita del presidente #Andr\u00e9sManuelL\u00f3pezObrador este lunes en #Xalapa, #Veracruz; piden ser escuchados por el mandatario federal.<\/p>\n","protected":false},"author":5,"featured_media":49192,"comment_status":"closed","ping_status":"open","sticky":false,"template":"","format":"standard","meta":{"spay_email":"","footnotes":""},"categories":[37,8,50,52],"tags":[],"jetpack_featured_media_url":"https:\/\/i2.wp.com\/globalnewsmexico.com\/sitio\/wp-content\/uploads\/2020\/06\/1106546.jpg?fit=1024%2C683&ssl=1","jetpack_sharing_enabled":true,"jetpack_shortlink":"https:\/\/wp.me\/p9yqPL-cNp","jetpack_likes_enabled":true,"_links":{"self":[{"href":"https:\/\/globalnewsmexico.com\/sitio\/wp-json\/wp\/v2\/posts\/49191"}],"collection":[{"href":"https:\/\/globalnewsmexico.com\/sitio\/wp-json\/wp\/v2\/posts"}],"about":[{"href":"https:\/\/globalnewsmexico.com\/sitio\/wp-json\/wp\/v2\/types\/post"}],"author":[{"embeddable":true,"href":"https:\/\/globalnewsmexico.com\/sitio\/wp-json\/wp\/v2\/users\/5"}],"replies":[{"embeddable":true,"href":"https:\/\/globalnewsmexico.com\/sitio\/wp-json\/wp\/v2\/comments?post=49191"}],"version-history":[{"count":0,"href":"https:\/\/globalnewsmexico.com\/sitio\/wp-json\/wp\/v2\/posts\/49191\/revisions"}],"wp:featuredmedia":[{"embeddable":true,"href":"https:\/\/globalnewsmexico.com\/sitio\/wp-json\/wp\/v2\/media\/49192"}],"wp:attachment":[{"href":"https:\/\/globalnewsmexico.com\/sitio\/wp-json\/wp\/v2\/media?parent=49191"}],"wp:term":[{"taxonomy":"category","embeddable":true,"href":"https:\/\/globalnewsmexico.com\/sitio\/wp-json\/wp\/v2\/categories?post=49191"},{"taxonomy":"post_tag","embeddable":true,"href":"https:\/\/globalnewsmexico.com\/sitio\/wp-json\/wp\/v2\/tags?post=49191"}],"curies":[{"name":"wp","href":"https:\/\/api.w.org\/{rel}","templated":true}]}}