{"id":49198,"date":"2020-06-15T10:09:12","date_gmt":"2020-06-15T15:09:12","guid":{"rendered":"http:\/\/globalnewsmexico.com\/sitio\/?p=49198"},"modified":"2020-06-15T10:09:16","modified_gmt":"2020-06-15T15:09:16","slug":"en-veracruz-se-desfaso-inicio-de-la-pandemia-regreso-a-nueva-normalidad-sera-posterior-cuitlahuac","status":"publish","type":"post","link":"https:\/\/globalnewsmexico.com\/sitio\/en-veracruz-se-desfaso-inicio-de-la-pandemia-regreso-a-nueva-normalidad-sera-posterior-cuitlahuac\/","title":{"rendered":"En Veracruz se desfas\u00f3 inicio de la pandemia; regreso a nueva normalidad ser\u00e1 posterior: Cuitl\u00e1huac"},"content":{"rendered":"\n<p>El gobernador de Veracruz, Cuitl\u00e1huac Garc\u00eda Jim\u00e9nez, se\u00f1al\u00f3 que el estado se desfas\u00f3 en el inicio de la pandemia de Covid-19, por lo que el regreso a la &#8216;nueva normalidad&#8217; va a ser posterior a como entren las otras entidades del pa\u00eds.<\/p>\n\n\n\n<p>En conferencia de prensa ma\u00f1anera desde Xalapa, donde acompa\u00f1\u00f3 al presidente Andr\u00e9s Manuel&nbsp; L\u00f3pez Obrador, Garc\u00eda Jim\u00e9nez&nbsp;expres\u00f3 que \u00abel&nbsp;regreso a la nueva normalidad va a ser posterior a como entren los estados con lo que se inici\u00f3 la pandemia en M\u00e9xico\u00bb, debido al desfase en el que se encuentra el estado.<\/p>\n\n\n\n<p>Agreg\u00f3 que \u00aben Veracruz nos preparamos para el peor escenario con centros de expansi\u00f3n m\u00e9dica, uno en el centro, sur y norte, aqu\u00ed por fortuna no llegamos al peor escenario, la poblaci\u00f3n en Veracruz, la gran mayor\u00eda se apeg\u00f3 a las recomendaciones y no fue necesario utilizar estos centros m\u00e9dicos\u00bb.<\/p>\n\n\n\n<p>Fuente: Xeu Noticias<\/p>\n","protected":false},"excerpt":{"rendered":"<p>#Estado El gobernador de #Veracruz, #Cuitl\u00e1huacGarc\u00edaJim\u00e9nez, se\u00f1al\u00f3 que el estado se desfas\u00f3 en el inicio de la #pandemia de #Covid19, por lo que el regreso a la #NuevaNormalidad va a ser posterior a como entren las otras entidades del pa\u00eds.<\/p>\n","protected":false},"author":5,"featured_media":49199,"comment_status":"closed","ping_status":"open","sticky":false,"template":"","format":"standard","meta":{"spay_email":"","footnotes":""},"categories":[37,8,39,52],"tags":[],"jetpack_featured_media_url":"https:\/\/i1.wp.com\/globalnewsmexico.com\/sitio\/wp-content\/uploads\/2020\/06\/1106542.jpg?fit=1024%2C558&ssl=1","jetpack_sharing_enabled":true,"jetpack_shortlink":"https:\/\/wp.me\/p9yqPL-cNw","jetpack_likes_enabled":true,"_links":{"self":[{"href":"https:\/\/globalnewsmexico.com\/sitio\/wp-json\/wp\/v2\/posts\/49198"}],"collection":[{"href":"https:\/\/globalnewsmexico.com\/sitio\/wp-json\/wp\/v2\/posts"}],"about":[{"href":"https:\/\/globalnewsmexico.com\/sitio\/wp-json\/wp\/v2\/types\/post"}],"author":[{"embeddable":true,"href":"https:\/\/globalnewsmexico.com\/sitio\/wp-json\/wp\/v2\/users\/5"}],"replies":[{"embeddable":true,"href":"https:\/\/globalnewsmexico.com\/sitio\/wp-json\/wp\/v2\/comments?post=49198"}],"version-history":[{"count":0,"href":"https:\/\/globalnewsmexico.com\/sitio\/wp-json\/wp\/v2\/posts\/49198\/revisions"}],"wp:featuredmedia":[{"embeddable":true,"href":"https:\/\/globalnewsmexico.com\/sitio\/wp-json\/wp\/v2\/media\/49199"}],"wp:attachment":[{"href":"https:\/\/globalnewsmexico.com\/sitio\/wp-json\/wp\/v2\/media?parent=49198"}],"wp:term":[{"taxonomy":"category","embeddable":true,"href":"https:\/\/globalnewsmexico.com\/sitio\/wp-json\/wp\/v2\/categories?post=49198"},{"taxonomy":"post_tag","embeddable":true,"href":"https:\/\/globalnewsmexico.com\/sitio\/wp-json\/wp\/v2\/tags?post=49198"}],"curies":[{"name":"wp","href":"https:\/\/api.w.org\/{rel}","templated":true}]}}