{"id":49238,"date":"2020-06-15T15:51:04","date_gmt":"2020-06-15T20:51:04","guid":{"rendered":"http:\/\/globalnewsmexico.com\/sitio\/?p=49238"},"modified":"2020-06-15T15:51:06","modified_gmt":"2020-06-15T20:51:06","slug":"hallan-muerta-a-activista-de-marchas-contra-el-racismo-en-ee-uu","status":"publish","type":"post","link":"https:\/\/globalnewsmexico.com\/sitio\/hallan-muerta-a-activista-de-marchas-contra-el-racismo-en-ee-uu\/","title":{"rendered":"Hallan muerta a activista de marchas contra el racismo en EE. UU."},"content":{"rendered":"\n<p>La activista Oluwatoyin &#8216;Toyin&#8217; Salau, que particip\u00f3 en las recientes marchas\u00a0contra el racismo y la brutalidad polic\u00edaca en Tallahassee, la capital de Florida, Estados Unidos, fue hallada muerta tras ser reportada como desaparecida desde el pasado 6 de junio.<\/p>\n\n\n\n<p>El cuerpo de Salau, de 19 a\u00f1os, fue hallado junto al de otra mujer, Victoria Sims, de 75 a\u00f1os, al parecer tambi\u00e9n activista, detall\u00f3 hoy la Polic\u00eda de Tallahassee en un comunicado.<\/p>\n\n\n\n<p>El pasado 6 de junio, la activista public\u00f3 en su Twitter que hab\u00eda sido \u00abmolestada\u00bb en Tallahassee por un hombre de raza negra, que le ofreci\u00f3 llevarla para buscarle un lugar en d\u00f3nde dormir y recoger sus pertenencias de la iglesia que le hab\u00eda dado albergue.<\/p>\n\n\n\n<p>En varios mensajes, la joven rese\u00f1a que fue asaltada, que llam\u00f3 a la Polic\u00eda y que escap\u00f3.<\/p>\n\n\n\n<p>Salau se uni\u00f3 a las marchas de Black Lives Matter\u00a0(Las vidas de los negros importan), en las que recitaba los nombres de hombres negros muertos a manos de polic\u00edas blancos, entre ellos George Floyd, seg\u00fan se ve en varios videos.<\/p>\n\n\n\n<p>\u00abNo quiero que sus nombres se vayan en vano\u00bb, dijo Salau durante una protesta frente al Departamento de Polic\u00eda de Tallahassee, en mayo.<\/p>\n\n\n\n<p>La polic\u00eda de Tallahassee se\u00f1al\u00f3 que hall\u00f3 los dos cad\u00e1veres el pasado s\u00e1bado, cuando investigaba la desaparici\u00f3n de la activista.<\/p>\n\n\n\n<p>Igualmente, inform\u00f3 del arresto de un sospechoso, Aaron Glee Jr., de 49 a\u00f1os, quien ya hab\u00eda sido arrestado en mayo pasado acusado de agresi\u00f3n agravada a una mujer y liberado con una fianza de 2 mil 500 d\u00f3lares.<\/p>\n\n\n\n<p>Las autoridades, sin embargo, no detallaron la relaci\u00f3n entre las dos mujeres.<\/p>\n\n\n\n<p>Fuente: Agencias<\/p>\n","protected":false},"excerpt":{"rendered":"<p>#Mundo La #activista Oluwatoyin #Toyin Salau, que particip\u00f3 en las recientes #marchas contra el #racismo y la brutalidad polic\u00edaca en #Tallahassee, la capital de #Florida, #EstadosUnidos, fue hallada #muerta tras ser reportada como desaparecida.<\/p>\n","protected":false},"author":5,"featured_media":49239,"comment_status":"closed","ping_status":"open","sticky":false,"template":"","format":"standard","meta":{"spay_email":"","footnotes":""},"categories":[37,8,48,52],"tags":[],"jetpack_featured_media_url":"https:\/\/i0.wp.com\/globalnewsmexico.com\/sitio\/wp-content\/uploads\/2020\/06\/salau-unio-marchas-black-lives.jpg?fit=958%2C596&ssl=1","jetpack_sharing_enabled":true,"jetpack_shortlink":"https:\/\/wp.me\/p9yqPL-cOa","jetpack_likes_enabled":true,"_links":{"self":[{"href":"https:\/\/globalnewsmexico.com\/sitio\/wp-json\/wp\/v2\/posts\/49238"}],"collection":[{"href":"https:\/\/globalnewsmexico.com\/sitio\/wp-json\/wp\/v2\/posts"}],"about":[{"href":"https:\/\/globalnewsmexico.com\/sitio\/wp-json\/wp\/v2\/types\/post"}],"author":[{"embeddable":true,"href":"https:\/\/globalnewsmexico.com\/sitio\/wp-json\/wp\/v2\/users\/5"}],"replies":[{"embeddable":true,"href":"https:\/\/globalnewsmexico.com\/sitio\/wp-json\/wp\/v2\/comments?post=49238"}],"version-history":[{"count":0,"href":"https:\/\/globalnewsmexico.com\/sitio\/wp-json\/wp\/v2\/posts\/49238\/revisions"}],"wp:featuredmedia":[{"embeddable":true,"href":"https:\/\/globalnewsmexico.com\/sitio\/wp-json\/wp\/v2\/media\/49239"}],"wp:attachment":[{"href":"https:\/\/globalnewsmexico.com\/sitio\/wp-json\/wp\/v2\/media?parent=49238"}],"wp:term":[{"taxonomy":"category","embeddable":true,"href":"https:\/\/globalnewsmexico.com\/sitio\/wp-json\/wp\/v2\/categories?post=49238"},{"taxonomy":"post_tag","embeddable":true,"href":"https:\/\/globalnewsmexico.com\/sitio\/wp-json\/wp\/v2\/tags?post=49238"}],"curies":[{"name":"wp","href":"https:\/\/api.w.org\/{rel}","templated":true}]}}