{"id":49314,"date":"2020-06-16T21:03:41","date_gmt":"2020-06-17T02:03:41","guid":{"rendered":"http:\/\/globalnewsmexico.com\/sitio\/?p=49314"},"modified":"2020-06-16T21:03:44","modified_gmt":"2020-06-17T02:03:44","slug":"inicia-la-saturacion-de-hospitales-por-covid-19","status":"publish","type":"post","link":"https:\/\/globalnewsmexico.com\/sitio\/inicia-la-saturacion-de-hospitales-por-covid-19\/","title":{"rendered":"Inicia la saturaci\u00f3n de hospitales por Covid-19"},"content":{"rendered":"\n<p>Ante el aumento del n\u00famero de pacientes contagiados con Covid-19 en la regi\u00f3n, el Hospital General de Zona (HGZ) 8 de C\u00f3rdoba tendr\u00e1 una &#8216;reconversi\u00f3n h\u00edbrida&#8217;, por lo que atender\u00e1 estos casos, anunci\u00f3 el Instituto Mexicano del Seguro Social (IMSS) en Veracruz delegaci\u00f3n Sur.<\/p>\n\n\n\n<p>Con esta atenci\u00f3n mixta, el instituto se\u00f1al\u00f3 que tambi\u00e9n seguir\u00e1 operando en relaci\u00f3n a urgencias generales y obst\u00e9tricas, as\u00ed como otros servicios prioritarios.<\/p>\n\n\n\n<p>A trav\u00e9s de un comunicado de prensa, se inform\u00f3 que esto que se hace es de acuerdo a la evoluci\u00f3n de la fase III de la contingencia sanitaria a causa del Covid-19.<\/p>\n\n\n\n<p>En esta transformaci\u00f3n se considera no s\u00f3lo al Hospital de C\u00f3rdoba, sino que tambi\u00e9n est\u00e1 el Hospital General Regional (HGR) en Orizaba, el HGZ 32 con medicina familiar en Minatitl\u00e1n, HGSZ 33 en Tierra Blanca, HGZ 35 en Cosamaloapan y HGZ 36 en Coatzacoalcos.<\/p>\n\n\n\n<p>De acuerdo con el \u00e1rea de Comunicaci\u00f3n Social de la Oficina de Representaci\u00f3n del Instituto Mexicano del Seguro Social en Veracruz Sur, hasta la fecha ning\u00fan hospital est\u00e1 rebasado.<\/p>\n\n\n\n<p>Fuentes cercanas a la instituci\u00f3n de salud sostuvo que en el Hospital General de Zona (HGZ) 8 se atienden a 17 personas con Covid-19, y ante la capacidad rebasada de hospitales privados se tiene contemplado en alg\u00fan momento al Hospital Regional de C\u00f3rdoba, mejor conocido el Hospital \u00abYanga\u00bb, para atender a enfermos de Covid-19.<\/p>\n","protected":false},"excerpt":{"rendered":"<p>#Local Ante el aumento del n\u00famero de #pacientes contagiados con #Covid19 en la regi\u00f3n, el Hospital General de Zona (HGZ) 8 de #C\u00f3rdoba tendr\u00e1 una &#8216;reconversi\u00f3n h\u00edbrida&#8217;, por lo que atender\u00e1 estos casos, anunci\u00f3 el #IMSS en #Veracruz delegaci\u00f3n Sur.<\/p>\n","protected":false},"author":5,"featured_media":49315,"comment_status":"closed","ping_status":"open","sticky":false,"template":"","format":"standard","meta":{"spay_email":"","footnotes":""},"categories":[37,8,50,52],"tags":[],"jetpack_featured_media_url":"https:\/\/i2.wp.com\/globalnewsmexico.com\/sitio\/wp-content\/uploads\/2020\/06\/2f16e438-bb6f-48e6-839d-81f27d834019.jpg?fit=720%2C540&ssl=1","jetpack_sharing_enabled":true,"jetpack_shortlink":"https:\/\/wp.me\/p9yqPL-cPo","jetpack_likes_enabled":true,"_links":{"self":[{"href":"https:\/\/globalnewsmexico.com\/sitio\/wp-json\/wp\/v2\/posts\/49314"}],"collection":[{"href":"https:\/\/globalnewsmexico.com\/sitio\/wp-json\/wp\/v2\/posts"}],"about":[{"href":"https:\/\/globalnewsmexico.com\/sitio\/wp-json\/wp\/v2\/types\/post"}],"author":[{"embeddable":true,"href":"https:\/\/globalnewsmexico.com\/sitio\/wp-json\/wp\/v2\/users\/5"}],"replies":[{"embeddable":true,"href":"https:\/\/globalnewsmexico.com\/sitio\/wp-json\/wp\/v2\/comments?post=49314"}],"version-history":[{"count":0,"href":"https:\/\/globalnewsmexico.com\/sitio\/wp-json\/wp\/v2\/posts\/49314\/revisions"}],"wp:featuredmedia":[{"embeddable":true,"href":"https:\/\/globalnewsmexico.com\/sitio\/wp-json\/wp\/v2\/media\/49315"}],"wp:attachment":[{"href":"https:\/\/globalnewsmexico.com\/sitio\/wp-json\/wp\/v2\/media?parent=49314"}],"wp:term":[{"taxonomy":"category","embeddable":true,"href":"https:\/\/globalnewsmexico.com\/sitio\/wp-json\/wp\/v2\/categories?post=49314"},{"taxonomy":"post_tag","embeddable":true,"href":"https:\/\/globalnewsmexico.com\/sitio\/wp-json\/wp\/v2\/tags?post=49314"}],"curies":[{"name":"wp","href":"https:\/\/api.w.org\/{rel}","templated":true}]}}