{"id":49342,"date":"2020-06-17T12:45:30","date_gmt":"2020-06-17T17:45:30","guid":{"rendered":"http:\/\/globalnewsmexico.com\/sitio\/?p=49342"},"modified":"2020-06-17T12:45:32","modified_gmt":"2020-06-17T17:45:32","slug":"prohiben-venta-de-bebidas-alcoholicas-por-dia-del-padre-en-alvarado-veracruz","status":"publish","type":"post","link":"https:\/\/globalnewsmexico.com\/sitio\/prohiben-venta-de-bebidas-alcoholicas-por-dia-del-padre-en-alvarado-veracruz\/","title":{"rendered":"Proh\u00edben venta de bebidas alcoh\u00f3licas por D\u00eda del Padre en Alvarado, Veracruz"},"content":{"rendered":"\n<p>El Ayuntamiento de Alvarado, Veracruz, dio a conocer las medidas que se aplicar\u00e1n para prevenir los contagios de Covid-19; entre ellas, destaca la prohibici\u00f3n de la venta de bebidas alcoh\u00f3licas durante los festejos del D\u00eda del Padre. <\/p>\n\n\n\n<p>A estas acciones se suman cuatro medidas espec\u00edficas m\u00e1s que deber\u00e1n de aplicarse del viernes 19 de junio al 22 de junio, para evitar aglomeraciones durante los festejos del D\u00eda del Padre.\u00a0<\/p>\n\n\n\n<ul><li>Los cementerios p\u00fablicos permanecer\u00e1n cerrados (a excepci\u00f3n de las inhumaciones).<\/li><li>Se suspende la venta de alimentos y bebidas en restaurantes (\u00fanicamente servicio para llevar y a domicilio).<\/li><li>Queda prohibida la venta de bebidas alcoh\u00f3licas de cualquier tipo en tiendas de conveniencia y minisuper.<\/li><li>Se suspender\u00e1n todas las actividades de establecimientos comerciales relacionados con la conmemoraci\u00f3n del D\u00eda del Padre, incluyendo florer\u00edas, pasteler\u00edas y reposter\u00edas.\u00a0<\/li><li>Las tiendas departamentales y de novedades permanecer\u00e1n cerradas.<\/li><\/ul>\n\n\n\n<p>Adem\u00e1s, se dio a conocer que se han tomado medidas administrativas en el Ayuntamiento, como la reducci\u00f3n de salarios del 50 por ciento al cuerpo edilicio y a los funcionarios; asimismo, ser\u00e1n reducidos los vi\u00e1ticos y el gasto de combustible de las unidades oficiales.<\/p>\n\n\n\n<p>Fuente: Xeu Noticias<\/p>\n","protected":false},"excerpt":{"rendered":"<p>#Estado El Ayuntamiento de #Alvarado, #Veracruz, dio a conocer las medidas que se aplicar\u00e1n para prevenir los #contagios de #Covid19; entre ellas, destaca la prohibici\u00f3n de la #venta de #bebidas #alcoh\u00f3licas durante los festejos del #D\u00edaDelPadre.<\/p>\n","protected":false},"author":5,"featured_media":49343,"comment_status":"closed","ping_status":"open","sticky":false,"template":"","format":"standard","meta":{"spay_email":"","footnotes":""},"categories":[37,8,50,52],"tags":[],"jetpack_featured_media_url":"https:\/\/i2.wp.com\/globalnewsmexico.com\/sitio\/wp-content\/uploads\/2020\/06\/ley-seca.jpg?fit=1040%2C585&ssl=1","jetpack_sharing_enabled":true,"jetpack_shortlink":"https:\/\/wp.me\/p9yqPL-cPQ","jetpack_likes_enabled":true,"_links":{"self":[{"href":"https:\/\/globalnewsmexico.com\/sitio\/wp-json\/wp\/v2\/posts\/49342"}],"collection":[{"href":"https:\/\/globalnewsmexico.com\/sitio\/wp-json\/wp\/v2\/posts"}],"about":[{"href":"https:\/\/globalnewsmexico.com\/sitio\/wp-json\/wp\/v2\/types\/post"}],"author":[{"embeddable":true,"href":"https:\/\/globalnewsmexico.com\/sitio\/wp-json\/wp\/v2\/users\/5"}],"replies":[{"embeddable":true,"href":"https:\/\/globalnewsmexico.com\/sitio\/wp-json\/wp\/v2\/comments?post=49342"}],"version-history":[{"count":0,"href":"https:\/\/globalnewsmexico.com\/sitio\/wp-json\/wp\/v2\/posts\/49342\/revisions"}],"wp:featuredmedia":[{"embeddable":true,"href":"https:\/\/globalnewsmexico.com\/sitio\/wp-json\/wp\/v2\/media\/49343"}],"wp:attachment":[{"href":"https:\/\/globalnewsmexico.com\/sitio\/wp-json\/wp\/v2\/media?parent=49342"}],"wp:term":[{"taxonomy":"category","embeddable":true,"href":"https:\/\/globalnewsmexico.com\/sitio\/wp-json\/wp\/v2\/categories?post=49342"},{"taxonomy":"post_tag","embeddable":true,"href":"https:\/\/globalnewsmexico.com\/sitio\/wp-json\/wp\/v2\/tags?post=49342"}],"curies":[{"name":"wp","href":"https:\/\/api.w.org\/{rel}","templated":true}]}}