{"id":49359,"date":"2020-06-17T15:43:49","date_gmt":"2020-06-17T20:43:49","guid":{"rendered":"http:\/\/globalnewsmexico.com\/sitio\/?p=49359"},"modified":"2020-06-17T15:43:52","modified_gmt":"2020-06-17T20:43:52","slug":"plantea-lopez-obrador-a-alfaro-no-dar-espectaculo","status":"publish","type":"post","link":"https:\/\/globalnewsmexico.com\/sitio\/plantea-lopez-obrador-a-alfaro-no-dar-espectaculo\/","title":{"rendered":"Plantea L\u00f3pez Obrador a Alfaro \u2018no dar espect\u00e1culo\u2019"},"content":{"rendered":"\n<p>El presidente Andr\u00e9s Manuel L\u00f3pez Obrador dijo que por estar de gira por varios estados del centro del pa\u00eds, esta semana es poco probable que se entreviste con el gobernador de Jalisco, Enrique Alfaro, quien le ha pedido una cita para abordar diversos temas.<\/p>\n\n\n\n<p>El titular del Ejecutivo sugiri\u00f3 a Alfaro que este periodo sirva para que se serenen los \u00e1nimos y se evite dar espect\u00e1culo.<\/p>\n\n\n\n<p>\u201cPues ya ven que ando en giras, ahora estoy por ac\u00e1, no estoy en M\u00e9xico, no es por otra cosa. Adem\u00e1s, para ser francos, para hablar con franqueza, yo quiero que se serenen las cosas y no quiero que haya espect\u00e1culo, s\u00ed, que no haya espect\u00e1culo\u201d, expuso el presidente en su rueda de prensa matutina.<\/p>\n\n\n\n<p>Desde Puebla, el titular del Ejecutivo estableci\u00f3 que es preferible atender otros temas a entablar una discusi\u00f3n con el gobernador de Jalisco, quien, dijo, le falt\u00f3 al respeto.<\/p>\n\n\n\n<p>\u201cTenemos que buscar la manera de actuar en forma institucional, de mi parte siempre ha sido as\u00ed. Por eso me extra\u00f1\u00f3 la falta de respeto de decir que nosotros est\u00e1bamos interviniendo en Jalisco, que desde los s\u00f3tanos del poder de la Ciudad de M\u00e9xico se estaba auspiciando la inconformidad en Jalisco\u201d, explic\u00f3 el presidente.<\/p>\n\n\n\n<p>Alfaro se disculp\u00f3 por sus declaraciones iniciales y pidi\u00f3 una entrevista al presidente L\u00f3pez Obrador, cuando ya estaba en su actual recorrido.<\/p>\n\n\n\n<p>El presidente reiter\u00f3 que seguir\u00e1 su gira por Puebla, Hidalgo, Morelos y la Ciudad de M\u00e9xico, y concluir\u00e1 la tarde del s\u00e1bado.<\/p>\n\n\n\n<p>Fuente: Exc\u00e9lsior<\/p>\n","protected":false},"excerpt":{"rendered":"<p>#Destacamos El presidente #Andr\u00e9sManuelL\u00f3pezObrador dijo que por su gira en el pa\u00eds, esta semana es poco probable que se entreviste con el gobernador de #Jalisco, #EnriqueAlfaro, a quien sugiri\u00f3 que este periodo sirva para que se serenen los \u00e1nimos y se evite dar espect\u00e1culo.<\/p>\n","protected":false},"author":5,"featured_media":49360,"comment_status":"closed","ping_status":"open","sticky":false,"template":"","format":"standard","meta":{"spay_email":"","footnotes":""},"categories":[37,8,40,52],"tags":[],"jetpack_featured_media_url":"https:\/\/i1.wp.com\/globalnewsmexico.com\/sitio\/wp-content\/uploads\/2020\/06\/2382629.jpg?fit=1040%2C780&ssl=1","jetpack_sharing_enabled":true,"jetpack_shortlink":"https:\/\/wp.me\/p9yqPL-cQ7","jetpack_likes_enabled":true,"_links":{"self":[{"href":"https:\/\/globalnewsmexico.com\/sitio\/wp-json\/wp\/v2\/posts\/49359"}],"collection":[{"href":"https:\/\/globalnewsmexico.com\/sitio\/wp-json\/wp\/v2\/posts"}],"about":[{"href":"https:\/\/globalnewsmexico.com\/sitio\/wp-json\/wp\/v2\/types\/post"}],"author":[{"embeddable":true,"href":"https:\/\/globalnewsmexico.com\/sitio\/wp-json\/wp\/v2\/users\/5"}],"replies":[{"embeddable":true,"href":"https:\/\/globalnewsmexico.com\/sitio\/wp-json\/wp\/v2\/comments?post=49359"}],"version-history":[{"count":0,"href":"https:\/\/globalnewsmexico.com\/sitio\/wp-json\/wp\/v2\/posts\/49359\/revisions"}],"wp:featuredmedia":[{"embeddable":true,"href":"https:\/\/globalnewsmexico.com\/sitio\/wp-json\/wp\/v2\/media\/49360"}],"wp:attachment":[{"href":"https:\/\/globalnewsmexico.com\/sitio\/wp-json\/wp\/v2\/media?parent=49359"}],"wp:term":[{"taxonomy":"category","embeddable":true,"href":"https:\/\/globalnewsmexico.com\/sitio\/wp-json\/wp\/v2\/categories?post=49359"},{"taxonomy":"post_tag","embeddable":true,"href":"https:\/\/globalnewsmexico.com\/sitio\/wp-json\/wp\/v2\/tags?post=49359"}],"curies":[{"name":"wp","href":"https:\/\/api.w.org\/{rel}","templated":true}]}}