{"id":49415,"date":"2020-06-18T14:13:35","date_gmt":"2020-06-18T19:13:35","guid":{"rendered":"http:\/\/globalnewsmexico.com\/sitio\/?p=49415"},"modified":"2020-06-18T14:13:40","modified_gmt":"2020-06-18T19:13:40","slug":"detienen-a-presunta-secuestradora-en-xalapa","status":"publish","type":"post","link":"https:\/\/globalnewsmexico.com\/sitio\/detienen-a-presunta-secuestradora-en-xalapa\/","title":{"rendered":"Detienen a presunta secuestradora en Xalapa"},"content":{"rendered":"\n<p>Una presunta secuestradora fue detenida mediante un operativo t\u00e1ctico implementado por elementos de la Unidad Especializada en Combate al Secuestro (UECS), con sede en Xalapa, Veracruz.<\/p>\n\n\n\n<p>Evelin &#8216;N&#8217; fue detenida en cumplimiento a la respectiva orden de aprehensi\u00f3n girada en su contra por el juez de Control, por hechos ocurridos en marzo del presente a\u00f1o, en el municipio de Altotonga, donde probablemente particip\u00f3 en la privaci\u00f3n de la libertad de una persona de identidad resguardada.<\/p>\n\n\n\n<p>Fue puesta a disposici\u00f3n de la autoridad que la requer\u00eda, quien dar\u00e1 seguimiento a su situaci\u00f3n jur\u00eddica en las pr\u00f3ximas horas dentro del proceso penal correspondiente.<\/p>\n\n\n\n<p>Cabe se\u00f1alar que por la participaci\u00f3n en la comisi\u00f3n del mismo hecho, Miguel \u00c1ngel &#8216;N&#8217; fue detenido en abril del a\u00f1o en curso.<\/p>\n","protected":false},"excerpt":{"rendered":"<p>#Local Una presunta #secuestradora fue detenida mediante un operativo t\u00e1ctico implementado por elementos de la Unidad Especializada en Combate al Secuestro (#UECS), con sede en #Xalapa, #Veracruz.<\/p>\n","protected":false},"author":5,"featured_media":49416,"comment_status":"closed","ping_status":"open","sticky":false,"template":"","format":"standard","meta":{"spay_email":"","footnotes":""},"categories":[37,8,50,52],"tags":[],"jetpack_featured_media_url":"https:\/\/i1.wp.com\/globalnewsmexico.com\/sitio\/wp-content\/uploads\/2020\/06\/833d0c0b-776b-4ad9-9ae3-35d2d857e3c2.jpg?fit=1040%2C1040&ssl=1","jetpack_sharing_enabled":true,"jetpack_shortlink":"https:\/\/wp.me\/p9yqPL-cR1","jetpack_likes_enabled":true,"_links":{"self":[{"href":"https:\/\/globalnewsmexico.com\/sitio\/wp-json\/wp\/v2\/posts\/49415"}],"collection":[{"href":"https:\/\/globalnewsmexico.com\/sitio\/wp-json\/wp\/v2\/posts"}],"about":[{"href":"https:\/\/globalnewsmexico.com\/sitio\/wp-json\/wp\/v2\/types\/post"}],"author":[{"embeddable":true,"href":"https:\/\/globalnewsmexico.com\/sitio\/wp-json\/wp\/v2\/users\/5"}],"replies":[{"embeddable":true,"href":"https:\/\/globalnewsmexico.com\/sitio\/wp-json\/wp\/v2\/comments?post=49415"}],"version-history":[{"count":0,"href":"https:\/\/globalnewsmexico.com\/sitio\/wp-json\/wp\/v2\/posts\/49415\/revisions"}],"wp:featuredmedia":[{"embeddable":true,"href":"https:\/\/globalnewsmexico.com\/sitio\/wp-json\/wp\/v2\/media\/49416"}],"wp:attachment":[{"href":"https:\/\/globalnewsmexico.com\/sitio\/wp-json\/wp\/v2\/media?parent=49415"}],"wp:term":[{"taxonomy":"category","embeddable":true,"href":"https:\/\/globalnewsmexico.com\/sitio\/wp-json\/wp\/v2\/categories?post=49415"},{"taxonomy":"post_tag","embeddable":true,"href":"https:\/\/globalnewsmexico.com\/sitio\/wp-json\/wp\/v2\/tags?post=49415"}],"curies":[{"name":"wp","href":"https:\/\/api.w.org\/{rel}","templated":true}]}}