{"id":49451,"date":"2020-06-19T11:17:57","date_gmt":"2020-06-19T16:17:57","guid":{"rendered":"http:\/\/globalnewsmexico.com\/sitio\/?p=49451"},"modified":"2020-06-19T11:18:01","modified_gmt":"2020-06-19T16:18:01","slug":"con-protesta-policias-municipales-de-coatzacoalcos-denuncian-pagos-pendientes","status":"publish","type":"post","link":"https:\/\/globalnewsmexico.com\/sitio\/con-protesta-policias-municipales-de-coatzacoalcos-denuncian-pagos-pendientes\/","title":{"rendered":"Con protesta, polic\u00edas municipales de Coatzacoalcos denuncian pagos pendientes"},"content":{"rendered":"\n<p>La ma\u00f1ana de este viernes,\u00a0elementos\u00a0de la\u00a0Polic\u00eda Municipal de Coatzacoalcos, Veracruz, se manifestaron en la base principal ubicada sobre la carretera Trans\u00edstmica, para denunciar una serie de\u00a0irregularidades. Siendo la principal, la falta de pago de un\u00a0bono\u00a0que a\u00f1o con a\u00f1o reciben como parte del\u00a0Programa de Fortalecimiento para la Seguridad\u00a0(Fortaseg).<\/p>\n\n\n\n<p>\u00abQue vengan las\u00a0autoridades\u00a0como son la s\u00edndica, el secretario de Gobernaci\u00f3n y que el\u00a0comandante\u00a0se presente. Hay anomal\u00edas y queremos saber d\u00f3nde est\u00e1 el\u00a0Fortaseg, el a\u00f1o pasado nos dieron 10 mil pesos y ahorita nos vienen diciendo que el d\u00eda 15 y el 30 y as\u00ed nos traen\u00bb, se\u00f1al\u00f3 uno de los\u00a0elementos, sin revelar su identidad.<\/p>\n\n\n\n<p>Denunciaron que desde el a\u00f1o pasado no han recibido uniformes, ni se les ha renovado su\u00a0equipo de protecci\u00f3n personal. Aunado a que las\u00a0unidades\u00a0y\u00a0bicicletas\u00a0est\u00e1n en malas condiciones.<\/p>\n\n\n\n<p>Los inconformes advirtieron que no saldr\u00edan a trabajar hasta que se presentar\u00e1 el\u00a0comandante\u00a0de dicha corporaci\u00f3n, V\u00edctor Osorio Soler, quien aseguran instal\u00f3 una tienda de abarrotes para comercializar entre los mismos\u00a0elementos, lo cual se pudo comprobar durante un recorrido que dirigieron los inconformes.<\/p>\n\n\n\n<p>\u00abNo es justo lo que esta pasando, \u00e9l (V\u00edctor Osorio) est\u00e1 enfermo ahorita supuestamente y se iba a presentar a las oficinas de Tesorer\u00eda de seguridad. Pedimos ya la destituci\u00f3n de V\u00edctor Osorio Soler. Hasta que nos atiendan vamos a trabajar\u00bb, indic\u00f3 otro uniformado.<\/p>\n\n\n\n<p>De igual forma, aseguraron que no son respetadas las incapacidades cuando se enferman, puesto que los comandantes de cada secci\u00f3n los obligan a trabajar. Y en caso de que falten les niegan el acceso a la base municipal en d\u00edas posteriores.<\/p>\n\n\n\n<p>Una hora despu\u00e9s de la manifestaci\u00f3n, acudi\u00f3 el director Jur\u00eddico del Ayuntamiento porte\u00f1o, Agust\u00edn Jim\u00e9nez, quien les propuso establecer una mesa de dialogo, solicitando que los\u00a0elementos\u00a0cumplieran con su labor de seguridad.<\/p>\n\n\n\n<p>\u00abTodo lo que se acord\u00f3 ser\u00e1 supervisado por un notario p\u00fablico, por eso les pedimos que establezcamos la mesa de dialogo y cumplamos con nuestro deber\u00bb, expres\u00f3 el funcionario ante el contingente de seguridad que se form\u00f3 para escucharlo.<\/p>\n\n\n\n<p>Bonifacio Jacinto L\u00f3pez, otro de los\u00a0elementos\u00a0uniformados, denunci\u00f3 que lo han desarmado y as\u00ed lo mandan a patrullar por la ciudad.<\/p>\n\n\n\n<p>\u00abSolicit\u00e9 el curso de protecci\u00f3n a funcionarios, pero se me neg\u00f3 argumentando que soy una persona agresiva y revoltosa, pero yo no nunca he amenazado al se\u00f1or, yo solo digo lo que no est\u00e1 mal\u00bb, manifest\u00f3.<\/p>\n\n\n\n<p>Fuente: La Silla Rota Veracruz<\/p>\n","protected":false},"excerpt":{"rendered":"<p>#Estado La ma\u00f1ana de este viernes, elementos de la #Polic\u00edaMunicipal de #Coatzacoalcos, #Veracruz, se manifestaron en la base principal ubicada sobre la carretera Trans\u00edstmica, para denunciar una serie de irregularidades, entre ellas la falta de #pago de un #bono.<\/p>\n","protected":false},"author":5,"featured_media":49452,"comment_status":"closed","ping_status":"open","sticky":false,"template":"","format":"standard","meta":{"spay_email":"","footnotes":""},"categories":[37,8,50,52],"tags":[],"jetpack_featured_media_url":"https:\/\/i1.wp.com\/globalnewsmexico.com\/sitio\/wp-content\/uploads\/2020\/06\/protestapoliciasmunicipalescoatza1-focus-0-0-983-557.jpg?fit=1040%2C589&ssl=1","jetpack_sharing_enabled":true,"jetpack_shortlink":"https:\/\/wp.me\/p9yqPL-cRB","jetpack_likes_enabled":true,"_links":{"self":[{"href":"https:\/\/globalnewsmexico.com\/sitio\/wp-json\/wp\/v2\/posts\/49451"}],"collection":[{"href":"https:\/\/globalnewsmexico.com\/sitio\/wp-json\/wp\/v2\/posts"}],"about":[{"href":"https:\/\/globalnewsmexico.com\/sitio\/wp-json\/wp\/v2\/types\/post"}],"author":[{"embeddable":true,"href":"https:\/\/globalnewsmexico.com\/sitio\/wp-json\/wp\/v2\/users\/5"}],"replies":[{"embeddable":true,"href":"https:\/\/globalnewsmexico.com\/sitio\/wp-json\/wp\/v2\/comments?post=49451"}],"version-history":[{"count":0,"href":"https:\/\/globalnewsmexico.com\/sitio\/wp-json\/wp\/v2\/posts\/49451\/revisions"}],"wp:featuredmedia":[{"embeddable":true,"href":"https:\/\/globalnewsmexico.com\/sitio\/wp-json\/wp\/v2\/media\/49452"}],"wp:attachment":[{"href":"https:\/\/globalnewsmexico.com\/sitio\/wp-json\/wp\/v2\/media?parent=49451"}],"wp:term":[{"taxonomy":"category","embeddable":true,"href":"https:\/\/globalnewsmexico.com\/sitio\/wp-json\/wp\/v2\/categories?post=49451"},{"taxonomy":"post_tag","embeddable":true,"href":"https:\/\/globalnewsmexico.com\/sitio\/wp-json\/wp\/v2\/tags?post=49451"}],"curies":[{"name":"wp","href":"https:\/\/api.w.org\/{rel}","templated":true}]}}