{"id":49453,"date":"2020-06-19T11:28:33","date_gmt":"2020-06-19T16:28:33","guid":{"rendered":"http:\/\/globalnewsmexico.com\/sitio\/?p=49453"},"modified":"2020-06-19T11:28:36","modified_gmt":"2020-06-19T16:28:36","slug":"amlo-ofrecera-mensaje-el-1-de-julio-por-segundo-ano-de-su-triunfo-electoral","status":"publish","type":"post","link":"https:\/\/globalnewsmexico.com\/sitio\/amlo-ofrecera-mensaje-el-1-de-julio-por-segundo-ano-de-su-triunfo-electoral\/","title":{"rendered":"AMLO ofrecer\u00e1 mensaje el 1 de julio por segundo a\u00f1o de su triunfo electoral"},"content":{"rendered":"\n<p>El presidente Andr\u00e9s Manuel L\u00f3pez Obrador adelant\u00f3 que\u00a0el pr\u00f3ximo 1 de julio ofrecer\u00e1 un mensaje, debido al segundo aniversario de su triunfo electoral.<\/p>\n\n\n\n<p>En conferencia de prensa ma\u00f1anera desde Cuernavaca, Morelos, L\u00f3pez Obrador expres\u00f3 que \u00abestamos pensando qu\u00e9 hacer, es un mi\u00e9rcoles, desde luego la conferencia y un acto con sana distancia\u00bb.<\/p>\n\n\n\n<p>\u00abEl d\u00eda primero de julio que vamos\u00a0a cumplir dos a\u00f1os, me\u00a0siento muy orgulloso porque millones de mexicanos ejercieron su voto\u00bb, dijo.<\/p>\n\n\n\n<p>Y agreg\u00f3 : \u00abEl pueblo dijo vamos, y se triunf\u00f3, por eso es hist\u00f3rico y no vamos a fallarle a la gente\u00bb.<\/p>\n\n\n\n<p>Fuente: Xeu Noticias<\/p>\n","protected":false},"excerpt":{"rendered":"<p>#Destacamos El presidente #Andr\u00e9sManuelL\u00f3pezObrador adelant\u00f3 que el pr\u00f3ximo 1 de julio ofrecer\u00e1 un mensaje, debido al segundo aniversario de su #triunfo #electoral.<\/p>\n","protected":false},"author":5,"featured_media":49454,"comment_status":"closed","ping_status":"open","sticky":false,"template":"","format":"standard","meta":{"spay_email":"","footnotes":""},"categories":[37,8,40,52],"tags":[],"jetpack_featured_media_url":"https:\/\/i1.wp.com\/globalnewsmexico.com\/sitio\/wp-content\/uploads\/2020\/06\/1107261.jpg?fit=1024%2C641&ssl=1","jetpack_sharing_enabled":true,"jetpack_shortlink":"https:\/\/wp.me\/p9yqPL-cRD","jetpack_likes_enabled":true,"_links":{"self":[{"href":"https:\/\/globalnewsmexico.com\/sitio\/wp-json\/wp\/v2\/posts\/49453"}],"collection":[{"href":"https:\/\/globalnewsmexico.com\/sitio\/wp-json\/wp\/v2\/posts"}],"about":[{"href":"https:\/\/globalnewsmexico.com\/sitio\/wp-json\/wp\/v2\/types\/post"}],"author":[{"embeddable":true,"href":"https:\/\/globalnewsmexico.com\/sitio\/wp-json\/wp\/v2\/users\/5"}],"replies":[{"embeddable":true,"href":"https:\/\/globalnewsmexico.com\/sitio\/wp-json\/wp\/v2\/comments?post=49453"}],"version-history":[{"count":0,"href":"https:\/\/globalnewsmexico.com\/sitio\/wp-json\/wp\/v2\/posts\/49453\/revisions"}],"wp:featuredmedia":[{"embeddable":true,"href":"https:\/\/globalnewsmexico.com\/sitio\/wp-json\/wp\/v2\/media\/49454"}],"wp:attachment":[{"href":"https:\/\/globalnewsmexico.com\/sitio\/wp-json\/wp\/v2\/media?parent=49453"}],"wp:term":[{"taxonomy":"category","embeddable":true,"href":"https:\/\/globalnewsmexico.com\/sitio\/wp-json\/wp\/v2\/categories?post=49453"},{"taxonomy":"post_tag","embeddable":true,"href":"https:\/\/globalnewsmexico.com\/sitio\/wp-json\/wp\/v2\/tags?post=49453"}],"curies":[{"name":"wp","href":"https:\/\/api.w.org\/{rel}","templated":true}]}}