{"id":49508,"date":"2020-06-20T10:49:09","date_gmt":"2020-06-20T15:49:09","guid":{"rendered":"http:\/\/globalnewsmexico.com\/sitio\/?p=49508"},"modified":"2020-06-20T10:49:12","modified_gmt":"2020-06-20T15:49:12","slug":"es-increible-que-se-quejen-de-chumel-si-hasta-amlo-pone-apodos-calderon","status":"publish","type":"post","link":"https:\/\/globalnewsmexico.com\/sitio\/es-increible-que-se-quejen-de-chumel-si-hasta-amlo-pone-apodos-calderon\/","title":{"rendered":"Es incre\u00edble que se quejen de Chumel, si hasta AMLO pone apodos: Calder\u00f3n"},"content":{"rendered":"\n<p>El expresidente\u00a0Felipe Calder\u00f3n\u00a0opin\u00f3 sobre la pol\u00e9mica\u00a0protagonizada por el conductor Chumel Torres, luego de las\u00a0cr\u00edticas que recibi\u00f3 por su invitaci\u00f3n a un foro\u00a0del Consejo Nacional para Prevenir la Discriminaci\u00f3n (Conapred) sobre racismo y que su\u00a0programa en HBO fuera suspendido.<\/p>\n\n\n\n<p>Felipe Calder\u00f3n dijo que\u00a0es incre\u00edble que quienes critican a Chumel sean aquellos que \u201chan ofendido, insultado y agraviado\u00a0medi\u00e1ticamente a todos durante d\u00e9cada y media\u201d.<\/p>\n\n\n\n<p>A trav\u00e9s de su cuenta de Twitter, Calder\u00f3n incluso\u00a0acus\u00f3 al presidente Andr\u00e9s Manuel L\u00f3pez Obrador de poner apodos a los gobernados.<\/p>\n\n\n\n<p>Sin embargo, el expresidente consider\u00f3 que estuvo mal que Chumel Torres haya realizado comentarios sobre el hijo de Beatriz Guti\u00e9rrez M\u00fcller y L\u00f3pez Obrador.<\/p>\n\n\n\n<p>\u00abEntiendo lo del menor de edad y eso estuvo mal. Pero es incre\u00edble que se quejen de las palabras y el sarcasmo de un comediante, quienes han ofendido, insultado y agraviado medi\u00e1ticamente a todos durante d\u00e9cada y media. Incluso el propio presidente pone apodos a los gobernados\u00bb, escribi\u00f3 en la red social.<\/p>\n\n\n\n<p>La pol\u00e9mica en torno al conductor lleg\u00f3 tras la invitaci\u00f3n del Consejo Nacional para Prevenir la Discriminaci\u00f3n (Conapred) a un foro sobre racismo; las cr\u00edticas por su participaci\u00f3n llegaron hasta de personajes p\u00fablicos, como la escritora\u00a0Beatriz Guti\u00e9rrez M\u00fcller, quien destac\u00f3 los comentarios que el influencer ha hecho en el pasado sobre su hijo,\u00a0menor de edad.<\/p>\n\n\n\n<p>Fuente: Milenio<\/p>\n","protected":false},"excerpt":{"rendered":"<p>#Destacamos El expresidente #FelipeCalder\u00f3n opin\u00f3 sobre la pol\u00e9mica protagonizada por el conductor #ChumelTorres, luego de las cr\u00edticas que recibi\u00f3 por su invitaci\u00f3n a un foro del #Conapred sobre racismo y que su programa en HBO fuera suspendido.<\/p>\n","protected":false},"author":5,"featured_media":49509,"comment_status":"closed","ping_status":"open","sticky":false,"template":"","format":"standard","meta":{"spay_email":"","footnotes":""},"categories":[37,8,40,52],"tags":[],"jetpack_featured_media_url":"https:\/\/i0.wp.com\/globalnewsmexico.com\/sitio\/wp-content\/uploads\/2020\/06\/presidente-felipe-calderon-cancelo-conferencia.jpg?fit=958%2C596&ssl=1","jetpack_sharing_enabled":true,"jetpack_shortlink":"https:\/\/wp.me\/p9yqPL-cSw","jetpack_likes_enabled":true,"_links":{"self":[{"href":"https:\/\/globalnewsmexico.com\/sitio\/wp-json\/wp\/v2\/posts\/49508"}],"collection":[{"href":"https:\/\/globalnewsmexico.com\/sitio\/wp-json\/wp\/v2\/posts"}],"about":[{"href":"https:\/\/globalnewsmexico.com\/sitio\/wp-json\/wp\/v2\/types\/post"}],"author":[{"embeddable":true,"href":"https:\/\/globalnewsmexico.com\/sitio\/wp-json\/wp\/v2\/users\/5"}],"replies":[{"embeddable":true,"href":"https:\/\/globalnewsmexico.com\/sitio\/wp-json\/wp\/v2\/comments?post=49508"}],"version-history":[{"count":0,"href":"https:\/\/globalnewsmexico.com\/sitio\/wp-json\/wp\/v2\/posts\/49508\/revisions"}],"wp:featuredmedia":[{"embeddable":true,"href":"https:\/\/globalnewsmexico.com\/sitio\/wp-json\/wp\/v2\/media\/49509"}],"wp:attachment":[{"href":"https:\/\/globalnewsmexico.com\/sitio\/wp-json\/wp\/v2\/media?parent=49508"}],"wp:term":[{"taxonomy":"category","embeddable":true,"href":"https:\/\/globalnewsmexico.com\/sitio\/wp-json\/wp\/v2\/categories?post=49508"},{"taxonomy":"post_tag","embeddable":true,"href":"https:\/\/globalnewsmexico.com\/sitio\/wp-json\/wp\/v2\/tags?post=49508"}],"curies":[{"name":"wp","href":"https:\/\/api.w.org\/{rel}","templated":true}]}}