{"id":49530,"date":"2020-06-20T14:00:18","date_gmt":"2020-06-20T19:00:18","guid":{"rendered":"http:\/\/globalnewsmexico.com\/sitio\/?p=49530"},"modified":"2020-06-20T14:00:21","modified_gmt":"2020-06-20T19:00:21","slug":"protestan-en-palacio-nacional-piden-liberacion-de-activista-susana-prieto","status":"publish","type":"post","link":"https:\/\/globalnewsmexico.com\/sitio\/protestan-en-palacio-nacional-piden-liberacion-de-activista-susana-prieto\/","title":{"rendered":"Protestan en Palacio Nacional; piden liberaci\u00f3n de activista Susana Prieto"},"content":{"rendered":"\n<p>Integrantes del Sindicato Nacional Independiente de Trabajadores de Industrias y Servicios (Snitis)\u00a0protestan frente a Palacio Nacional, para exigir la inmediata\u00a0liberaci\u00f3n de la abogada Susana Prieto Terrazas, defensora de derechos laborales.<\/p>\n\n\n\n<p>De acuerdo con los manifestantes, la afectada, quien es tambi\u00e9n integrante del Sindicato Nacional Independiente de Trabajadores de Industrias y Servicios,\u00a0fue detenida por la Fiscal\u00eda de Matamoros, Tamaulipas, el 8 de junio por<strong>\u00a0<\/strong>presuntos delitos de mot\u00edn, amenazas, coacci\u00f3n de particulares y delitos cometidos contra servidores p\u00fablicos.<\/p>\n\n\n\n<p>La manifestaci\u00f3n se realiza sobre Plaza de la Constituci\u00f3n, por lo que un carril dela v\u00eda est\u00e1 afectado; elementos de Tr\u00e1nsito de la Secretar\u00eda de Seguridad Ciudadana (SSC) realizan los cortes a la circulaci\u00f3n para evitar alg\u00fan incidente.<\/p>\n\n\n\n<p>Fuente: Milenio<\/p>\n","protected":false},"excerpt":{"rendered":"<p>#M\u00e9xico Integrantes del Sindicato Nacional Independiente de Trabajadores de Industrias y Servicios (#Snitis) #protestan frente a #PalacioNacional, para exigir la inmediata liberaci\u00f3n de la abogada #SusanaPrietoTerrazas, #defensora de derechos laborales.<\/p>\n","protected":false},"author":5,"featured_media":49531,"comment_status":"closed","ping_status":"open","sticky":false,"template":"","format":"standard","meta":{"spay_email":"","footnotes":""},"categories":[37,8,49,52],"tags":[],"jetpack_featured_media_url":"https:\/\/i2.wp.com\/globalnewsmexico.com\/sitio\/wp-content\/uploads\/2020\/06\/manifestantes-protestan-palacio-nacional-jorge-2_0_77_1200_746.jpeg?fit=958%2C596&ssl=1","jetpack_sharing_enabled":true,"jetpack_shortlink":"https:\/\/wp.me\/p9yqPL-cSS","jetpack_likes_enabled":true,"_links":{"self":[{"href":"https:\/\/globalnewsmexico.com\/sitio\/wp-json\/wp\/v2\/posts\/49530"}],"collection":[{"href":"https:\/\/globalnewsmexico.com\/sitio\/wp-json\/wp\/v2\/posts"}],"about":[{"href":"https:\/\/globalnewsmexico.com\/sitio\/wp-json\/wp\/v2\/types\/post"}],"author":[{"embeddable":true,"href":"https:\/\/globalnewsmexico.com\/sitio\/wp-json\/wp\/v2\/users\/5"}],"replies":[{"embeddable":true,"href":"https:\/\/globalnewsmexico.com\/sitio\/wp-json\/wp\/v2\/comments?post=49530"}],"version-history":[{"count":0,"href":"https:\/\/globalnewsmexico.com\/sitio\/wp-json\/wp\/v2\/posts\/49530\/revisions"}],"wp:featuredmedia":[{"embeddable":true,"href":"https:\/\/globalnewsmexico.com\/sitio\/wp-json\/wp\/v2\/media\/49531"}],"wp:attachment":[{"href":"https:\/\/globalnewsmexico.com\/sitio\/wp-json\/wp\/v2\/media?parent=49530"}],"wp:term":[{"taxonomy":"category","embeddable":true,"href":"https:\/\/globalnewsmexico.com\/sitio\/wp-json\/wp\/v2\/categories?post=49530"},{"taxonomy":"post_tag","embeddable":true,"href":"https:\/\/globalnewsmexico.com\/sitio\/wp-json\/wp\/v2\/tags?post=49530"}],"curies":[{"name":"wp","href":"https:\/\/api.w.org\/{rel}","templated":true}]}}