{"id":49534,"date":"2020-06-20T15:03:29","date_gmt":"2020-06-20T20:03:29","guid":{"rendered":"http:\/\/globalnewsmexico.com\/sitio\/?p=49534"},"modified":"2020-06-20T15:27:04","modified_gmt":"2020-06-20T20:27:04","slug":"aislan-a-10-personas-en-albergue-de-migrantes-de-solalinde-por-posible-brote-de-covid-19","status":"publish","type":"post","link":"https:\/\/globalnewsmexico.com\/sitio\/aislan-a-10-personas-en-albergue-de-migrantes-de-solalinde-por-posible-brote-de-covid-19\/","title":{"rendered":"A\u00edslan a 10 personas en albergue de migrantes de Solalinde por posible brote de Covid-19"},"content":{"rendered":"\n<p>Al menos 10 personas del albergue de migrantes &#8216;Hermanos en el Camino&#8217;, fundado por el sacerdote Alejandro Solalinde en Ciudad Ixtepec, Oaxaca, fueron aislados al presentar s\u00edntomas de Covid-19.<\/p>\n\n\n\n<p>Se trata de nueve migrantes y una persona que forma parte del equipo de trabajo del albergue, quienes presentan fiebre, dolor de cabeza, cansancio y sue\u00f1o.<\/p>\n\n\n\n<p>El sacerdote dijo que en el transcurso de este s\u00e1bado se realizar\u00e1 una valoraci\u00f3n con los m\u00e9dicos que atienden en el albergue, con la finalidad de tomar la mejor decisi\u00f3n y sobre todo si se solicitan pruebas para avalar el diagn\u00f3stico.<\/p>\n\n\n\n<p>A\u00f1adi\u00f3 que por el momento, todas las personas con esa sintomatolog\u00eda est\u00e1n aisladas en el albergue.<\/p>\n\n\n\n<p>Actualmente, en el albergue viven 35 migrantes centroamericanos que se inscribieron en el Programa de Emergencia Social, del Gobierno del presidente Andr\u00e9s Manuel L\u00f3pez Obrador, y se encuentran otras ocho personas que forman parte del equipo de Solalinde Guerra.<\/p>\n\n\n\n<p>Fuente: El Universal<\/p>\n","protected":false},"excerpt":{"rendered":"<p>#M\u00e9xico Al menos 10 personas del #albergue de #migrantes &#8216;Hermanos en el Camino&#8217;, fundado por el sacerdote #AlejandroSolalinde en #CiudadIxtepec, #Oaxaca, fueron aislados al presentar s\u00edntomas de #Covid19.<\/p>\n","protected":false},"author":5,"featured_media":49535,"comment_status":"closed","ping_status":"open","sticky":false,"template":"","format":"standard","meta":{"spay_email":"","footnotes":""},"categories":[37,8,49,52],"tags":[],"jetpack_featured_media_url":"https:\/\/i0.wp.com\/globalnewsmexico.com\/sitio\/wp-content\/uploads\/2020\/06\/1107458.jpg?fit=1024%2C683&ssl=1","jetpack_sharing_enabled":true,"jetpack_shortlink":"https:\/\/wp.me\/p9yqPL-cSW","jetpack_likes_enabled":true,"_links":{"self":[{"href":"https:\/\/globalnewsmexico.com\/sitio\/wp-json\/wp\/v2\/posts\/49534"}],"collection":[{"href":"https:\/\/globalnewsmexico.com\/sitio\/wp-json\/wp\/v2\/posts"}],"about":[{"href":"https:\/\/globalnewsmexico.com\/sitio\/wp-json\/wp\/v2\/types\/post"}],"author":[{"embeddable":true,"href":"https:\/\/globalnewsmexico.com\/sitio\/wp-json\/wp\/v2\/users\/5"}],"replies":[{"embeddable":true,"href":"https:\/\/globalnewsmexico.com\/sitio\/wp-json\/wp\/v2\/comments?post=49534"}],"version-history":[{"count":0,"href":"https:\/\/globalnewsmexico.com\/sitio\/wp-json\/wp\/v2\/posts\/49534\/revisions"}],"wp:featuredmedia":[{"embeddable":true,"href":"https:\/\/globalnewsmexico.com\/sitio\/wp-json\/wp\/v2\/media\/49535"}],"wp:attachment":[{"href":"https:\/\/globalnewsmexico.com\/sitio\/wp-json\/wp\/v2\/media?parent=49534"}],"wp:term":[{"taxonomy":"category","embeddable":true,"href":"https:\/\/globalnewsmexico.com\/sitio\/wp-json\/wp\/v2\/categories?post=49534"},{"taxonomy":"post_tag","embeddable":true,"href":"https:\/\/globalnewsmexico.com\/sitio\/wp-json\/wp\/v2\/tags?post=49534"}],"curies":[{"name":"wp","href":"https:\/\/api.w.org\/{rel}","templated":true}]}}