{"id":49589,"date":"2020-06-22T13:22:00","date_gmt":"2020-06-22T18:22:00","guid":{"rendered":"http:\/\/globalnewsmexico.com\/sitio\/?p=49589"},"modified":"2020-06-22T13:22:02","modified_gmt":"2020-06-22T18:22:02","slug":"apelara-williams-nombramiento-de-veronica-hernandez-giadans","status":"publish","type":"post","link":"https:\/\/globalnewsmexico.com\/sitio\/apelara-williams-nombramiento-de-veronica-hernandez-giadans\/","title":{"rendered":"Apelar\u00e1 Williams nombramiento de Ver\u00f3nica Hern\u00e1ndez Giad\u00e1ns"},"content":{"rendered":"\n<p>Gabriel Alejandro Williams Mendoza, exaspirante a fiscal general del Estado de Veracruz, se\u00f1al\u00f3 que se encuentra a la espera de que se reactiven los trabajos en los juzgados estatales, para presentar un amparo en contra de la designaci\u00f3n de Ver\u00f3nica Hern\u00e1ndez Giad\u00e1ns como titular de la Fiscal\u00eda.<\/p>\n\n\n\n<p>En ese sentido, se\u00f1al\u00f3 que existen todos los elementos para revertir la decisi\u00f3n del Congreso del Estado, pues existieron m\u00faltiples violaciones al proceso, raz\u00f3n por la cual incluso no descart\u00f3 poder recurrir a la Suprema Corte de Justicia de la Naci\u00f3n (SCJN) para solicitar que se revise esta situaci\u00f3n.<br><br>\u00abEs una demanda que por supuesto va a progresar, es una demanda donde si bien podr\u00eda ser atacado un acto de soberan\u00eda por parte del Congreso del Estado, hubo una serie de violaciones a los derechos humanos y al procedimiento de selecci\u00f3n del fiscal de Veracruz, tengo entendido que a partir del primero de julio se van a comenzar a recibir las demandas y se van a presentar muchas, este es un amparo quir\u00fargico que toca inclusive las puertas de la Suprema Corte de Justicia de la Naci\u00f3n\u00bb, indic\u00f3.<\/p>\n\n\n\n<p>Asimismo, Williams Mendoza se\u00f1al\u00f3 que en caso de que la contingencia sanitaria del Covid-19 se ampl\u00ede y esto pueda retrasar los procesos de entrega de las demandas, podr\u00edan presentarla v\u00eda electr\u00f3nica; sin embargo, confi\u00f3 en que puedan realizarlo de manera presencial.<\/p>\n\n\n\n<p>Finalmente, insisti\u00f3 en que existen todos los elementos para que se revierta la determinaci\u00f3n tomada por los diputados locales, quienes incurrieron en m\u00faltiples irregularidades tal y como ha ocurrido en otros temas como es el caso del desafuero del Presidente Municipal de Actopan, Jos\u00e9 Paulino Dom\u00ednguez y la Sindica, Lucero Jazm\u00edn Palmeros.\u00a0<\/p>\n\n\n\n<p>Fuente: En Contacto<\/p>\n","protected":false},"excerpt":{"rendered":"<p>#Destacamos #GabrielWilliamsMendoza, exaspirante a fiscal general del Estado de #Veracruz, dijo estar a la espera de que se reactiven los trabajos en los juzgados, para presentar un #amparo contra de la designaci\u00f3n de #Ver\u00f3nicaHern\u00e1ndezGiad\u00e1ns como titular de la #Fiscal\u00eda.<\/p>\n","protected":false},"author":5,"featured_media":49590,"comment_status":"closed","ping_status":"open","sticky":false,"template":"","format":"standard","meta":{"spay_email":"","footnotes":""},"categories":[37,8,50,52],"tags":[],"jetpack_featured_media_url":"https:\/\/i1.wp.com\/globalnewsmexico.com\/sitio\/wp-content\/uploads\/2020\/06\/congreso-veracruz-07052020.jpg?fit=1040%2C693&ssl=1","jetpack_sharing_enabled":true,"jetpack_shortlink":"https:\/\/wp.me\/p9yqPL-cTP","jetpack_likes_enabled":true,"_links":{"self":[{"href":"https:\/\/globalnewsmexico.com\/sitio\/wp-json\/wp\/v2\/posts\/49589"}],"collection":[{"href":"https:\/\/globalnewsmexico.com\/sitio\/wp-json\/wp\/v2\/posts"}],"about":[{"href":"https:\/\/globalnewsmexico.com\/sitio\/wp-json\/wp\/v2\/types\/post"}],"author":[{"embeddable":true,"href":"https:\/\/globalnewsmexico.com\/sitio\/wp-json\/wp\/v2\/users\/5"}],"replies":[{"embeddable":true,"href":"https:\/\/globalnewsmexico.com\/sitio\/wp-json\/wp\/v2\/comments?post=49589"}],"version-history":[{"count":0,"href":"https:\/\/globalnewsmexico.com\/sitio\/wp-json\/wp\/v2\/posts\/49589\/revisions"}],"wp:featuredmedia":[{"embeddable":true,"href":"https:\/\/globalnewsmexico.com\/sitio\/wp-json\/wp\/v2\/media\/49590"}],"wp:attachment":[{"href":"https:\/\/globalnewsmexico.com\/sitio\/wp-json\/wp\/v2\/media?parent=49589"}],"wp:term":[{"taxonomy":"category","embeddable":true,"href":"https:\/\/globalnewsmexico.com\/sitio\/wp-json\/wp\/v2\/categories?post=49589"},{"taxonomy":"post_tag","embeddable":true,"href":"https:\/\/globalnewsmexico.com\/sitio\/wp-json\/wp\/v2\/tags?post=49589"}],"curies":[{"name":"wp","href":"https:\/\/api.w.org\/{rel}","templated":true}]}}