{"id":49610,"date":"2020-06-22T18:55:13","date_gmt":"2020-06-22T23:55:13","guid":{"rendered":"http:\/\/globalnewsmexico.com\/sitio\/?p=49610"},"modified":"2020-06-22T18:55:18","modified_gmt":"2020-06-22T23:55:18","slug":"coordinadora-de-comunicacion-en-puebla-da-positivo-a-covid-19","status":"publish","type":"post","link":"https:\/\/globalnewsmexico.com\/sitio\/coordinadora-de-comunicacion-en-puebla-da-positivo-a-covid-19\/","title":{"rendered":"Coordinadora de Comunicaci\u00f3n en Puebla da positivo a Covid-19"},"content":{"rendered":"\n<p>El gobernador de Puebla, Miguel Barbosa Huerta, dio a conocer que la coordinadora de Comunicaci\u00f3n Social y Agenda Digital de su gobierno,\u00a0Ver\u00f3nica V\u00e9lez Macuil, dio positivo a Covid-19, pero se encuentra bien y seguir\u00e1 en vigilancia como lo establece el protocolo de salud.<\/p>\n\n\n\n<p>Se\u00f1al\u00f3 que es la \u00fanica persona del\u00a0primer c\u00edrculo de sus colaboradores\u00a0que se encuentra con el virus, aunque record\u00f3 que los contagios se han registrado en todas las dependencias debido a que ya es\u00a0transmisi\u00f3n comunitaria.<\/p>\n\n\n\n<p>\u201cQuiero informar, porque seguramente me lo van a preguntar, nuestra amiga, la coordinadora de prensa del Gobierno del Estado, Ver\u00f3nica V\u00e9lez Macuil, dio\u00a0positivo a Covid; est\u00e1 bien de salud, le deseamos pronta recuperaci\u00f3n y seguramente estar\u00e1 en algunos d\u00edas con nosotros\u201d, explic\u00f3.<\/p>\n\n\n\n<p>Sobre su salud,\u00a0Barbosa Huerta\u00a0dijo que goza de\u00a0\u201cbuena salud\u201d\u00a0y que todos los d\u00edas lo revisan y practican ex\u00e1menes tanto en la ma\u00f1ana, como a mediod\u00eda y en la tarde.<\/p>\n\n\n\n<p>Sostuvo que no ha presentado s\u00edntomas, pero en caso de que tenga alguno acudir\u00eda a hacerse el\u00a0examen, como se hace con todos los poblanos que as\u00ed lo requieren.<\/p>\n\n\n\n<p>Fuente: El Heraldo de M\u00e9xico<\/p>\n","protected":false},"excerpt":{"rendered":"<p>#M\u00e9xico El gobernador de #Puebla, #MiguelBarbosaHuerta, dio a conocer que la coordinadora de Comunicaci\u00f3n Social y Agenda Digital de su gobierno, #Ver\u00f3nicaV\u00e9lezMacuil, dio positivo a #Covid19, pero se encuentra bien y seguir\u00e1 en vigilancia.<\/p>\n","protected":false},"author":5,"featured_media":49611,"comment_status":"closed","ping_status":"open","sticky":false,"template":"","format":"standard","meta":{"spay_email":"","footnotes":""},"categories":[37,8,49,52],"tags":[],"jetpack_featured_media_url":"https:\/\/i0.wp.com\/globalnewsmexico.com\/sitio\/wp-content\/uploads\/2020\/06\/6807-pue-03.jpg?fit=1040%2C693&ssl=1","jetpack_sharing_enabled":true,"jetpack_shortlink":"https:\/\/wp.me\/p9yqPL-cUa","jetpack_likes_enabled":true,"_links":{"self":[{"href":"https:\/\/globalnewsmexico.com\/sitio\/wp-json\/wp\/v2\/posts\/49610"}],"collection":[{"href":"https:\/\/globalnewsmexico.com\/sitio\/wp-json\/wp\/v2\/posts"}],"about":[{"href":"https:\/\/globalnewsmexico.com\/sitio\/wp-json\/wp\/v2\/types\/post"}],"author":[{"embeddable":true,"href":"https:\/\/globalnewsmexico.com\/sitio\/wp-json\/wp\/v2\/users\/5"}],"replies":[{"embeddable":true,"href":"https:\/\/globalnewsmexico.com\/sitio\/wp-json\/wp\/v2\/comments?post=49610"}],"version-history":[{"count":0,"href":"https:\/\/globalnewsmexico.com\/sitio\/wp-json\/wp\/v2\/posts\/49610\/revisions"}],"wp:featuredmedia":[{"embeddable":true,"href":"https:\/\/globalnewsmexico.com\/sitio\/wp-json\/wp\/v2\/media\/49611"}],"wp:attachment":[{"href":"https:\/\/globalnewsmexico.com\/sitio\/wp-json\/wp\/v2\/media?parent=49610"}],"wp:term":[{"taxonomy":"category","embeddable":true,"href":"https:\/\/globalnewsmexico.com\/sitio\/wp-json\/wp\/v2\/categories?post=49610"},{"taxonomy":"post_tag","embeddable":true,"href":"https:\/\/globalnewsmexico.com\/sitio\/wp-json\/wp\/v2\/tags?post=49610"}],"curies":[{"name":"wp","href":"https:\/\/api.w.org\/{rel}","templated":true}]}}