{"id":49622,"date":"2020-06-22T23:25:51","date_gmt":"2020-06-23T04:25:51","guid":{"rendered":"http:\/\/globalnewsmexico.com\/sitio\/?p=49622"},"modified":"2020-06-22T23:25:56","modified_gmt":"2020-06-23T04:25:56","slug":"busca-diputado-adecuar-el-codigo-electoral-para-permitir-la-reeleccion-de-ediles","status":"publish","type":"post","link":"https:\/\/globalnewsmexico.com\/sitio\/busca-diputado-adecuar-el-codigo-electoral-para-permitir-la-reeleccion-de-ediles\/","title":{"rendered":"Busca diputado adecuar el C\u00f3digo Electoral para permitir la reelecci\u00f3n de ediles"},"content":{"rendered":"\n<p>Con el prop\u00f3sito de armonizar el C\u00f3digo 577 Electoral para el Estado de Veracruz con la reforma al art\u00edculo 70 de la Constituci\u00f3n Pol\u00edtica del Estado de Veracruz (aprobada por este Congreso el pasado 22 de mayo) en materia de reelecci\u00f3n, el diputado Alexis S\u00e1nchez Garc\u00eda present\u00f3 una iniciativa que busca reformar la ley y as\u00ed pueda darse cumplimiento efectivo en la elecci\u00f3n de los pr\u00f3ximos ediles, comicios que habr\u00e1n de celebrarse en 2021.<\/p>\n\n\n\n<p>De esta manera, el legislador plantea se\u00f1alar en el C\u00f3digo Electoral que la elecci\u00f3n de ayuntamientos se realizar\u00e1 cada tres a\u00f1os. Asimismo, que los ediles podr\u00e1n ser elegidos hasta por un per\u00edodo adicional de manera consecutiva.<\/p>\n\n\n\n<p>La postulaci\u00f3n s\u00f3lo podr\u00e1 ser realizada por el mismo partido o por cualquiera de los partidos integrantes de la coalici\u00f3n que los hubiere postulado, salvo que hayan renunciado o perdido su militancia antes de la mitad de su mandato.<\/p>\n\n\n\n<p>Podr\u00e1n ser sujetos a elecci\u00f3n consecutiva los ediles que hayan ejercido el cargo, independientemente de su car\u00e1cter de propietario o suplente. No podr\u00e1 ser electo para el siguiente per\u00edodo en calidad de suplente, quien hubiese sido electo edil propietario de manera consecutiva por el l\u00edmite establecido en la Constituci\u00f3n Pol\u00edtica del Estado.<\/p>\n\n\n\n<p>Los ediles que pretendan reelegirse deber\u00e1n separarse del cargo a m\u00e1s tardar el d\u00eda anterior al inicio de la campa\u00f1a respectiva. Una vez concluida la jornada electoral, o en su caso, recibida la constancia de mayor\u00eda o asignaci\u00f3n, seg\u00fan se trate, podr\u00e1n reincorporarse al mismo. No obstante, previo a la separaci\u00f3n del cargo, los ediles deber\u00e1n observar las reglas que emitan las autoridades electorales competentes para salvaguardar el principio de equidad en la contienda.<\/p>\n\n\n\n<p>Por otra parte, el diputado S\u00e1nchez Garc\u00eda refiere que la reelecci\u00f3n de ediles se deber\u00e1 sujetar a las siguientes reglas: los ediles electos para el cargo de regidor, que pretendan la reelecci\u00f3n, podr\u00e1n ser postulados tanto para presidente municipal o s\u00edndico, as\u00ed como para Regidor, del partido que corresponda seg\u00fan lo dispuesto en el tercer p\u00e1rrafo de este art\u00edculo.<\/p>\n\n\n\n<p>En el caso de ediles electos como candidatos independientes, s\u00f3lo podr\u00e1n postularse para la reelecci\u00f3n con la misma calidad de candidato independiente, cumpliendo con las etapas previstas en el art\u00edculo 264 de este C\u00f3digo, salvo que se afilien y demuestren su militancia en un partido pol\u00edtico antes de la mitad de su mandato, caso en el que podr\u00e1n postularse para reelecci\u00f3n por dicho partido.<\/p>\n\n\n\n<p>El diputado del Distrito XXII de Zongolica expuso que esta iniciativa reduce de cuatro a tres a\u00f1os el periodo de ejercicio de los Ayuntamientos, pero de esta manera \u2013agreg\u00f3- los ediles podr\u00e1n competir en la reelecci\u00f3n consecutiva por un periodo m\u00e1s.<\/p>\n\n\n\n<p>Precis\u00f3 que esta reelecci\u00f3n consecutiva conllevar\u00eda como beneficios: la profesionalizaci\u00f3n de las carreras pol\u00edticas, ya que permanecer en el cargo motiva a informarse y aprender sobre diversas formas de trabajar; inyecta estabilidad pol\u00edtica, la presencia de ediles experimentados estabiliza la relaci\u00f3n con los dem\u00e1s poderes; fortalece el car\u00e1cter representativo de la democracia, los ediles prestar\u00edan mayor atenci\u00f3n a las preocupaciones de sus electores, impulsando mejores proyectos.<\/p>\n\n\n\n<p>Adem\u00e1s, incentiva la elaboraci\u00f3n de proyectos de largo plazo, propicia una relaci\u00f3n arm\u00f3nica entre funcionarios electos y c\u00fapulas partidistas e incrementar\u00eda la eficacia.<\/p>\n\n\n\n<p>\u201cCon esta reforma, las y los ciudadanos tendr\u00e1n la posibilidad de calificar a sus autoridades municipales y en su caso ratificarlos con su voto para que puedan durar en su encargo otros tres a\u00f1os m\u00e1s\u201d, afirm\u00f3.<\/p>\n\n\n\n<p>La iniciativa fue turnada para su estudio y dictamen a las Comisiones Permanentes Unidas de Justicia y Puntos Constitucionales y a la de Organizaci\u00f3n Pol\u00edtica y Procesos Electorales.<\/p>\n","protected":false},"excerpt":{"rendered":"<p>#Destacamos El #diputado #AlexisS\u00e1nchezGarc\u00eda present\u00f3 una iniciativa que busca reformar la #ley y as\u00ed pueda darse la #reelecci\u00f3n de los pr\u00f3ximos #ediles, en los comicios que habr\u00e1n de celebrarse en 2021.<\/p>\n","protected":false},"author":5,"featured_media":49623,"comment_status":"closed","ping_status":"open","sticky":false,"template":"","format":"standard","meta":{"spay_email":"","footnotes":""},"categories":[37,8,50,52],"tags":[],"jetpack_featured_media_url":"https:\/\/i1.wp.com\/globalnewsmexico.com\/sitio\/wp-content\/uploads\/2020\/06\/53b8128a-6f88-4f5d-b867-3082909ba01a.jpg?fit=1024%2C683&ssl=1","jetpack_sharing_enabled":true,"jetpack_shortlink":"https:\/\/wp.me\/p9yqPL-cUm","jetpack_likes_enabled":true,"_links":{"self":[{"href":"https:\/\/globalnewsmexico.com\/sitio\/wp-json\/wp\/v2\/posts\/49622"}],"collection":[{"href":"https:\/\/globalnewsmexico.com\/sitio\/wp-json\/wp\/v2\/posts"}],"about":[{"href":"https:\/\/globalnewsmexico.com\/sitio\/wp-json\/wp\/v2\/types\/post"}],"author":[{"embeddable":true,"href":"https:\/\/globalnewsmexico.com\/sitio\/wp-json\/wp\/v2\/users\/5"}],"replies":[{"embeddable":true,"href":"https:\/\/globalnewsmexico.com\/sitio\/wp-json\/wp\/v2\/comments?post=49622"}],"version-history":[{"count":0,"href":"https:\/\/globalnewsmexico.com\/sitio\/wp-json\/wp\/v2\/posts\/49622\/revisions"}],"wp:featuredmedia":[{"embeddable":true,"href":"https:\/\/globalnewsmexico.com\/sitio\/wp-json\/wp\/v2\/media\/49623"}],"wp:attachment":[{"href":"https:\/\/globalnewsmexico.com\/sitio\/wp-json\/wp\/v2\/media?parent=49622"}],"wp:term":[{"taxonomy":"category","embeddable":true,"href":"https:\/\/globalnewsmexico.com\/sitio\/wp-json\/wp\/v2\/categories?post=49622"},{"taxonomy":"post_tag","embeddable":true,"href":"https:\/\/globalnewsmexico.com\/sitio\/wp-json\/wp\/v2\/tags?post=49622"}],"curies":[{"name":"wp","href":"https:\/\/api.w.org\/{rel}","templated":true}]}}