{"id":49630,"date":"2020-06-23T10:05:22","date_gmt":"2020-06-23T15:05:22","guid":{"rendered":"http:\/\/globalnewsmexico.com\/sitio\/?p=49630"},"modified":"2020-06-23T10:05:26","modified_gmt":"2020-06-23T15:05:26","slug":"amlo-lamenta-muerte-de-15-personas-en-oaxaca-tras-ataque-a-comuneros","status":"publish","type":"post","link":"https:\/\/globalnewsmexico.com\/sitio\/amlo-lamenta-muerte-de-15-personas-en-oaxaca-tras-ataque-a-comuneros\/","title":{"rendered":"AMLO lamenta muerte de 15 personas en Oaxaca, tras ataque a comuneros"},"content":{"rendered":"\n<p>El presidente Andr\u00e9s Manuel L\u00f3pez Obrador lament\u00f3 el\u00a0conflicto entre comunidades de San Mateo del Mar, Oaxaca, que dej\u00f3\u00a015 personas muertas, seis heridas y siete desaparecidas, y afirm\u00f3 que se trata de un asunto por diferencias entre el Gobierno municipal, por lo que pidi\u00f3 conciliaci\u00f3n, pero no con el uso de la fuerza.\u00a0<\/p>\n\n\n\n<p>\u00abEstamos en comunicaci\u00f3n con el Gobierno de Oaxaca, es una situaci\u00f3n muy triste, muy lamentable. Es un enfrentamiento entre comunidades, vamos a decir, son diferencias que tienen en el mismo municipios, San Mateo del Mar. Es\u00a0una confrontaci\u00f3n por el Gobierno municipal, por un lado pobladores de la cabecera municipal y pobladores de comunidades\u00bb, coment\u00f3.\u00a0<\/p>\n\n\n\n<p>Durante\u00a0La Ma\u00f1anera\u00a0desde Palacio Nacional, el mandatario resalt\u00f3 que es com\u00fan que en los ayuntamientos haya conflictos cuando hay elecciones, pues \u00abse sostiene que lo que llega de apoyo o presupuesto solo se aplica en la cabecera y no se distribuye en las agencias\u00bb.\u00a0<\/p>\n\n\n\n<p>El presidente indic\u00f3 que su gobierno intervendr\u00e1 a trav\u00e9s de la conciliaci\u00f3n, el di\u00e1logo y evitando el uso de la fuerza.<\/p>\n\n\n\n<p>\u00abDesde luego que\u00a0nosotros vamos a intervenir, es un asunto de diferencias por la autoridad municipal. \u00bfC\u00f3mo intervenir? Buscando la conciliaci\u00f3n, que haya di\u00e1logo, que haya paz, que se evite el uso de la violencia\u00bb, declar\u00f3.\u00a0<\/p>\n\n\n\n<p>El Ayuntamiento de\u00a0San Mateo del Mar\u00a0explic\u00f3 que ayer se suscitaron\u00a0dos hechos violentos en el municipio: el primero en el acceso principal al poblado y el segundo en la explanada principal municipal, en la que se realizaba una reuni\u00f3n agraria.\u00a0<\/p>\n\n\n\n<p>Fuente: Milenio<\/p>\n","protected":false},"excerpt":{"rendered":"<p>#Destacamos El presidente #Andr\u00e9sManuelL\u00f3pezObrador lament\u00f3 el #conflicto entre comunidades de #SanMateoDelMar, #Oaxaca, que dej\u00f3 15 personas muertas, seis heridas y siete desaparecidas, y afirm\u00f3 que se trata de un asunto por diferencias entre el Gobierno municipal.<\/p>\n","protected":false},"author":5,"featured_media":49631,"comment_status":"closed","ping_status":"open","sticky":false,"template":"","format":"standard","meta":{"spay_email":"","footnotes":""},"categories":[37,8,40,52],"tags":[],"jetpack_featured_media_url":"https:\/\/i0.wp.com\/globalnewsmexico.com\/sitio\/wp-content\/uploads\/2020\/06\/lopez-obrador-da-su-conferencia_0_19_1200_747.jpeg?fit=958%2C596&ssl=1","jetpack_sharing_enabled":true,"jetpack_shortlink":"https:\/\/wp.me\/p9yqPL-cUu","jetpack_likes_enabled":true,"_links":{"self":[{"href":"https:\/\/globalnewsmexico.com\/sitio\/wp-json\/wp\/v2\/posts\/49630"}],"collection":[{"href":"https:\/\/globalnewsmexico.com\/sitio\/wp-json\/wp\/v2\/posts"}],"about":[{"href":"https:\/\/globalnewsmexico.com\/sitio\/wp-json\/wp\/v2\/types\/post"}],"author":[{"embeddable":true,"href":"https:\/\/globalnewsmexico.com\/sitio\/wp-json\/wp\/v2\/users\/5"}],"replies":[{"embeddable":true,"href":"https:\/\/globalnewsmexico.com\/sitio\/wp-json\/wp\/v2\/comments?post=49630"}],"version-history":[{"count":0,"href":"https:\/\/globalnewsmexico.com\/sitio\/wp-json\/wp\/v2\/posts\/49630\/revisions"}],"wp:featuredmedia":[{"embeddable":true,"href":"https:\/\/globalnewsmexico.com\/sitio\/wp-json\/wp\/v2\/media\/49631"}],"wp:attachment":[{"href":"https:\/\/globalnewsmexico.com\/sitio\/wp-json\/wp\/v2\/media?parent=49630"}],"wp:term":[{"taxonomy":"category","embeddable":true,"href":"https:\/\/globalnewsmexico.com\/sitio\/wp-json\/wp\/v2\/categories?post=49630"},{"taxonomy":"post_tag","embeddable":true,"href":"https:\/\/globalnewsmexico.com\/sitio\/wp-json\/wp\/v2\/tags?post=49630"}],"curies":[{"name":"wp","href":"https:\/\/api.w.org\/{rel}","templated":true}]}}