{"id":49663,"date":"2020-06-23T13:47:45","date_gmt":"2020-06-23T18:47:45","guid":{"rendered":"http:\/\/globalnewsmexico.com\/sitio\/?p=49663"},"modified":"2020-06-23T13:47:50","modified_gmt":"2020-06-23T18:47:50","slug":"por-rebrote-de-coronavirus-region-alemana-regresa-a-confinamiento","status":"publish","type":"post","link":"https:\/\/globalnewsmexico.com\/sitio\/por-rebrote-de-coronavirus-region-alemana-regresa-a-confinamiento\/","title":{"rendered":"Por rebrote de coronavirus, regi\u00f3n alemana regresa a confinamiento"},"content":{"rendered":"\n<p>Las autoridades de Renania del Norte-Westfalia, Alemania, ordenaron el cierre parcial de la vida p\u00fablica por una semana para el distrito de la ciudad de G\u00fctersloh, en el que se ha registrado\u00a0un rebrote de coronavirus con mil 553 casos\u00a0confirmados en torno a un matadero.<\/p>\n\n\n\n<p>En una rueda de prensa, el jefe del gobierno regional, Armin Laschet, anunci\u00f3 hoy esta medida, de la que dijo que \u00abdesde el punto de vista de las cifras\u00bb en principio ser\u00eda innecesaria,\u00a0ya que m\u00e1s all\u00e1 del rebrote en la empresa c\u00e1rnica T\u00f6nnies, el n\u00famero de contagiados en el distrito afectado es de 24.<\/p>\n\n\n\n<p>\u00abEso nos permitir\u00eda decir que el foco est\u00e1 localizado, pero vamos a dar un paso m\u00e1s y ordenar el cierre de la vida p\u00fablica para el distrito de G\u00fctersloh\u00bb, con el objetivo de \u00abcalmar\u00bb y \u00abobtener claridad\u00bb sobre la situaci\u00f3n general.<\/p>\n\n\n\n<p>La idea es poder determinar en esta semana con la realizaci\u00f3n de pruebas masivas hasta qu\u00e9 punto se puede haber extendido el coronavirus entre la poblaci\u00f3n, precis\u00f3.<\/p>\n\n\n\n<p>Parte de los afectados son trabajadores procedentes de Ruman\u00eda y Bulgaria, a los que Laschet garantiz\u00f3 una \u00abatenci\u00f3n cuidadosa\u00bb, atendiendo a las dificultades que suponen su situaci\u00f3n de cuarentena, lejos de sus familias.<\/p>\n\n\n\n<p>Agreg\u00f3 que se trata del primer distrito afectado por la reintroducci\u00f3n de medidas restrictivas desde que \u00e9stas comenzaran a levantase gradualmente en Alemania a lo largo del mes de mayo, lo que supone un regreso a la situaci\u00f3n de varias semanas atr\u00e1s.<\/p>\n\n\n\n<p>Dijo ser consciente de la \u00abenorme carga\u00bb que supone para la poblaci\u00f3n la reintroducci\u00f3n de restricciones.<\/p>\n\n\n\n<p>\u00abSabemos que en el distrito el n\u00famero de contagios no ha aumentado y a\u00fan as\u00ed exigimos de la gente que acepte el cierre de la vida p\u00fablica\u00bb, dijo, y asegur\u00f3 que se trata de una \u00abmedida temporal\u00bb y \u00abprofil\u00e1ctica\u00bb que estar\u00e1 vigente una semana y podr\u00e1 levantarse si la situaci\u00f3n lo permite.<\/p>\n\n\n\n<p>No obstante, advirti\u00f3, las medidas restrictivas tambi\u00e9n podr\u00e1n prolongarse si se considera necesario.<\/p>\n\n\n\n<p>Agreg\u00f3 que ah\u00ed donde las cifras aumentan y existe una amenaza, hay que actuar con decisi\u00f3n y regresar a las medidas introducidas en marzo para contener la pandemia, al tiempo que subray\u00f3 la necesidad de hacer lo posible por que este rebrote no se extienda m\u00e1s all\u00e1 del distrito afectado.<\/p>\n\n\n\n<p>Fuente: Agencias<\/p>\n","protected":false},"excerpt":{"rendered":"<p>#Mundo Las autoridades de Renania del Norte-Westfalia, #Alemania, ordenaron el cierre parcial de la vida p\u00fablica por una semana para el distrito de #G\u00fctersloh, en el que se ha registrado un #rebrote de #coronavirus con mil 553 casos confirmados en torno a un matadero.<\/p>\n","protected":false},"author":5,"featured_media":49664,"comment_status":"closed","ping_status":"open","sticky":false,"template":"","format":"standard","meta":{"spay_email":"","footnotes":""},"categories":[37,8,48,52],"tags":[],"jetpack_featured_media_url":"https:\/\/i2.wp.com\/globalnewsmexico.com\/sitio\/wp-content\/uploads\/2020\/06\/miembros-cruz-roja-alemana-atienden_0_32_1000_622.jpg?fit=958%2C596&ssl=1","jetpack_sharing_enabled":true,"jetpack_shortlink":"https:\/\/wp.me\/p9yqPL-cV1","jetpack_likes_enabled":true,"_links":{"self":[{"href":"https:\/\/globalnewsmexico.com\/sitio\/wp-json\/wp\/v2\/posts\/49663"}],"collection":[{"href":"https:\/\/globalnewsmexico.com\/sitio\/wp-json\/wp\/v2\/posts"}],"about":[{"href":"https:\/\/globalnewsmexico.com\/sitio\/wp-json\/wp\/v2\/types\/post"}],"author":[{"embeddable":true,"href":"https:\/\/globalnewsmexico.com\/sitio\/wp-json\/wp\/v2\/users\/5"}],"replies":[{"embeddable":true,"href":"https:\/\/globalnewsmexico.com\/sitio\/wp-json\/wp\/v2\/comments?post=49663"}],"version-history":[{"count":0,"href":"https:\/\/globalnewsmexico.com\/sitio\/wp-json\/wp\/v2\/posts\/49663\/revisions"}],"wp:featuredmedia":[{"embeddable":true,"href":"https:\/\/globalnewsmexico.com\/sitio\/wp-json\/wp\/v2\/media\/49664"}],"wp:attachment":[{"href":"https:\/\/globalnewsmexico.com\/sitio\/wp-json\/wp\/v2\/media?parent=49663"}],"wp:term":[{"taxonomy":"category","embeddable":true,"href":"https:\/\/globalnewsmexico.com\/sitio\/wp-json\/wp\/v2\/categories?post=49663"},{"taxonomy":"post_tag","embeddable":true,"href":"https:\/\/globalnewsmexico.com\/sitio\/wp-json\/wp\/v2\/tags?post=49663"}],"curies":[{"name":"wp","href":"https:\/\/api.w.org\/{rel}","templated":true}]}}