{"id":49735,"date":"2020-06-24T14:13:56","date_gmt":"2020-06-24T19:13:56","guid":{"rendered":"http:\/\/globalnewsmexico.com\/sitio\/?p=49735"},"modified":"2020-06-24T14:13:59","modified_gmt":"2020-06-24T19:13:59","slug":"jueces-admiten-amparos-contra-decreto-para-regreso-de-fuerzas-armadas-a-la-calle","status":"publish","type":"post","link":"https:\/\/globalnewsmexico.com\/sitio\/jueces-admiten-amparos-contra-decreto-para-regreso-de-fuerzas-armadas-a-la-calle\/","title":{"rendered":"Jueces admiten amparos contra decreto para regreso de Fuerzas Armadas a la calle"},"content":{"rendered":"\n<p>Jueces federales admitieron a tr\u00e1mite dos amparos que impugnan el acuerdo donde\u00a0el presidente Andr\u00e9s Manuel L\u00f3pez Obrador orden\u00f3 el regreso de las Fuerzas Armadas a las calles\u00a0para realizar labores de seguridad, por un periodo no mayor de cinco a\u00f1os, pero no emitieron resoluciones que frenen la entrada de dicha medida.<\/p>\n\n\n\n<p>Mientras que otro juez desech\u00f3 una demanda de garant\u00edas promovida por la senadora panista\u00a0Kenia L\u00f3pez Rabad\u00e1n; el mismo juzgador tambi\u00e9n dio un plazo de cinco d\u00edas a Ana Hadzi Pecova para que demuestre que es apoderada legal de la asociaci\u00f3n civil Equis Justicia para las Mujeres.<\/p>\n\n\n\n<p>Uno de los amparos fue admitido a tr\u00e1mite por la jueza Novena de Distrito en Materia Administrativa en la Ciudad de M\u00e9xico, Dinorah Hern\u00e1ndez Jim\u00e9nez.<\/p>\n\n\n\n<p>La juzgadora dio entrada a la demanda del senador panista\u00a0Ra\u00fal Paz Alonso, quien reclam\u00f3 el acuerdo por el que se dispone de la Fuerza Armada permanente para llevar a cabo tareas de seguridad p\u00fablica de manera extraordinaria, regulada, fiscalizada, subordinada y complementaria, publicado el pasado 11 de mayo en el Diario Oficial de la Federaci\u00f3n.<\/p>\n\n\n\n<p>Paz Alonso y otros panistas solicitaron la suspensi\u00f3n \u00fanicamente para el efecto de que, durante el tr\u00e1mite del juicio de amparo, la participaci\u00f3n de las Fuerzas Armadas en tareas de seguridad p\u00fablica\u00a0sea de manera subordinada y complementaria a las autoridades civiles, y no de manera coordinada como se establece en el Acuerdo de militarizaci\u00f3n.<\/p>\n\n\n\n<p>\u201cEs decir, los quejosos no pretendemos que durante el tr\u00e1mite y substanciaci\u00f3n del juicio de garant\u00edas no se aplique el acuerdo de militarizaci\u00f3n, o bien, que las Fuerzas Armadas no se involucren en tareas de seguridad p\u00fablica\u201d, detalla la demanda.<\/p>\n\n\n\n<p>La juzgadora consider\u00f3 que \u201cno hay materia sobre qu\u00e9 decretar la medida suspensional\u201d, porque en el decreto la participaci\u00f3n de las Fuerzas Armadas en tareas de seguridad p\u00fablica sea de manera subordinada y complementaria a las autoridades civiles, est\u00e1n contemplados en el acuerdo.<\/p>\n\n\n\n<p>Por su parte, el secretario en funciones de juez del juzgado D\u00e9cimo Quinto de Distrito en Materia Administrativa, admiti\u00f3 a tr\u00e1mite otra demanda, pero desech\u00f3 parcialmente una parte de \u00e9sta.<\/p>\n\n\n\n<p>Por su parte, Francisco Javier Rebolledo Pe\u00f1a, juez Sexto de Distrito en Materia Administrativa en la Ciudad de M\u00e9xico, desech\u00f3 la demanda de garant\u00edas de la senadora panista Kenia L\u00f3pez Rabad\u00e1n, porque su demanda carec\u00eda de firma electr\u00f3nica.<\/p>\n\n\n\n<p>\u201cSe desecha por notoriamente improcedente la demanda promovida por Kenia L\u00f3pez Rabad\u00e1n, por propio derecho. Sin que lo anterior constituya o pueda representar denegaci\u00f3n de justicia pues, como se dijo, no cumple con los requisitos referidos de la Ley de Amparo y Acuerdos Generales citados\u201d, detalla el acuerdo del juzgador.<\/p>\n\n\n\n<p>Asimismo, Javier Rebolledo otorg\u00f3 un plazo de cinco d\u00edas a Ana Hadzi Pecova para que presente documentos que corroboren que es la apoderada legal de la organizaci\u00f3n\u00a0Equis. Justicia para las Mujeres, y as\u00ed determinar si admite o no su amparo.<\/p>\n\n\n\n<p>Fuente: Milenio<\/p>\n","protected":false},"excerpt":{"rendered":"<p>#Destacamos Jueces federales admitieron a tr\u00e1mite dos #amparos que impugnan el acuerdo donde el presidente #Andr\u00e9sManuelL\u00f3pezObrador orden\u00f3 el regreso de las #FuerzasArmadas a las calles para realizar labores de #seguridad, por un periodo no mayor de cinco a\u00f1os.<\/p>\n","protected":false},"author":5,"featured_media":49736,"comment_status":"closed","ping_status":"open","sticky":false,"template":"","format":"standard","meta":{"spay_email":"","footnotes":""},"categories":[37,8,40,52],"tags":[],"jetpack_featured_media_url":"https:\/\/i0.wp.com\/globalnewsmexico.com\/sitio\/wp-content\/uploads\/2020\/06\/lunes-publico-fuerza-armada-llevara_0_21_958_596.jpeg?fit=958%2C596&ssl=1","jetpack_sharing_enabled":true,"jetpack_shortlink":"https:\/\/wp.me\/p9yqPL-cWb","jetpack_likes_enabled":true,"_links":{"self":[{"href":"https:\/\/globalnewsmexico.com\/sitio\/wp-json\/wp\/v2\/posts\/49735"}],"collection":[{"href":"https:\/\/globalnewsmexico.com\/sitio\/wp-json\/wp\/v2\/posts"}],"about":[{"href":"https:\/\/globalnewsmexico.com\/sitio\/wp-json\/wp\/v2\/types\/post"}],"author":[{"embeddable":true,"href":"https:\/\/globalnewsmexico.com\/sitio\/wp-json\/wp\/v2\/users\/5"}],"replies":[{"embeddable":true,"href":"https:\/\/globalnewsmexico.com\/sitio\/wp-json\/wp\/v2\/comments?post=49735"}],"version-history":[{"count":0,"href":"https:\/\/globalnewsmexico.com\/sitio\/wp-json\/wp\/v2\/posts\/49735\/revisions"}],"wp:featuredmedia":[{"embeddable":true,"href":"https:\/\/globalnewsmexico.com\/sitio\/wp-json\/wp\/v2\/media\/49736"}],"wp:attachment":[{"href":"https:\/\/globalnewsmexico.com\/sitio\/wp-json\/wp\/v2\/media?parent=49735"}],"wp:term":[{"taxonomy":"category","embeddable":true,"href":"https:\/\/globalnewsmexico.com\/sitio\/wp-json\/wp\/v2\/categories?post=49735"},{"taxonomy":"post_tag","embeddable":true,"href":"https:\/\/globalnewsmexico.com\/sitio\/wp-json\/wp\/v2\/tags?post=49735"}],"curies":[{"name":"wp","href":"https:\/\/api.w.org\/{rel}","templated":true}]}}