{"id":49823,"date":"2020-06-26T09:03:54","date_gmt":"2020-06-26T14:03:54","guid":{"rendered":"http:\/\/globalnewsmexico.com\/sitio\/?p=49823"},"modified":"2020-06-26T09:10:44","modified_gmt":"2020-06-26T14:10:44","slug":"esto-es-lo-que-se-sabe-del-atentado-contra-omar-garcia-harfuch","status":"publish","type":"post","link":"https:\/\/globalnewsmexico.com\/sitio\/esto-es-lo-que-se-sabe-del-atentado-contra-omar-garcia-harfuch\/","title":{"rendered":"Esto es lo que se sabe del atentado contra Omar Garc\u00eda Harfuch"},"content":{"rendered":"\n<p>Omar Garc\u00eda Harfuch, secretario de Seguridad Ciudadana de la Ciudad de M\u00e9xico,&nbsp;sufri\u00f3 un atentado hoy por la ma\u00f1ana. La jefa de Gobierno, Claudia Sheinbaum, afirm\u00f3 que se encuentra fuera de peligro y est\u00e1 siendo atendido. Hasta el momento, esto es lo que sabemos del caso:<\/p>\n\n\n\n<ul><li>El atentado ocurri\u00f3 hoy viernes 26 de junio aproximadamente a las 06:38 horas, inform\u00f3 Sheinbaum.<\/li><li>El incidente\u00a0se registr\u00f3 en en el cruce de Paseo de la Reforma y Monte Blanco, colonia Lomas de Chapultepec.<\/li><li>Hubo un intercambio de disparos\u00a0entre escoltas del secretario y personas con armas largas tipo Barret.<\/li><li>Omar Garc\u00eda\u00a0Harfuch result\u00f3 herido, seg\u00fan el reporte preliminar.<\/li><li>Hubo fallecidos.<\/li><li>Hasta el momento hay 12 detenidos, inform\u00f3 la fiscal general de Justicia de la Ciudad de M\u00e9xico, Ernestina Godoy.<\/li><li>Al menos otros dos polic\u00edas fueron heridos.<\/li><li>Se aseguraron armas largas, chalecos antibalas, cartuchos de alto calibre y granadas de fragmentaci\u00f3n.<\/li><li>El\u00a0secretario de Seguridad Ciudadana se encuentra fuera de peligro.<\/li><li>El funcionario est\u00e1 siendo atendido en un hospital de la zona de Santa Fe.<\/li><li>La circulaci\u00f3n de Paseo de la Reforma se encuentra cerrada.<\/li><li>La Fiscal\u00eda General de Justicia de la Ciudad de M\u00e9xico ya investiga el atentado.<\/li><\/ul>\n\n\n\n<p>Seg\u00fan el presidente Andr\u00e9s Manuel L\u00f3pez Obrador, \u201ctodo esto tiene que ver, sin duda, con el trabajo que se est\u00e1 llevando a cabo para garantizar la paz\u00a0y la tranquilidad tanto para la Ciudad de M\u00e9xico como para el pa\u00eds\u201d.<\/p>\n\n\n\n<p>En ello coincidi\u00f3 el secretario de Seguridad y Protecci\u00f3n Ciudadana federal, Alfonso Durazo, quien dijo que con el atentado en la capital \u00abqueda claro que el trabajo de la SSC est\u00e1 tocando fuertes intereses de la delincuencia\u00bb.<\/p>\n\n\n\n<p>La jefa de Gobierno afirm\u00f3 que m\u00e1s tarde ofrecer\u00e1 una conferencia de prensa sobre el atentado. Al respecto, el presidente expres\u00f3 su solidaridad y apoyo absoluto a la jefa de Gobierno y a los integrantes del equipo de Seguridad P\u00fablica de la Ciudad de M\u00e9xico.<\/p>\n\n\n\n<h2 class=\"wp-block-heading\"><strong>\u00bfQui\u00e9n es Omar Garc\u00eda Harfuch, secretario que sufri\u00f3 un atentado?<\/strong><\/h2>\n\n\n\n<p>Fue el responsable de encabezar los operativos de captura de l\u00edderes de La Uni\u00f3n Tepito, como\u00a0&#8216;El Jam\u00f3n&#8217;,\u00a0y de la Anti Uni\u00f3n, como\u00a0&#8216;El Tortas&#8217;.<\/p>\n\n\n\n<p>Durante su paso por la Agencia de Investigaci\u00f3n Criminal tambi\u00e9n se captur\u00f3 a l\u00edderes del narcotr\u00e1fico, como D\u00e1maso L\u00f3pez N\u00fa\u00f1ez, &#8216;El Licenciado&#8217;, l\u00edder del c\u00e1rtel de Sinaloa que fue extraditado a Estados Unidos y quien declar\u00f3 en Nueva York en el juicio contra &#8216;El Chapo&#8217;.<\/p>\n\n\n\n<p>Omar Garc\u00eda Harfuch coordin\u00f3 la captura de Javier Duarte en Guatemala y de Roberto Borge en Panam\u00e1.&nbsp;<\/p>\n\n\n\n<p>Fuente: Milenio<\/p>\n","protected":false},"excerpt":{"rendered":"<p>#Ent\u00e9rate #OmarGarc\u00edaHarfuch, secretario de Seguridad Ciudadana de la #CDMX, sufri\u00f3 un atentado esta ma\u00f1ana. La jefa de Gobierno, Claudia Sheinbaum, afirm\u00f3 que se encuentra fuera de peligro y est\u00e1 siendo atendido. Hasta el momento, esto es lo que sabemos.<\/p>\n","protected":false},"author":5,"featured_media":49825,"comment_status":"closed","ping_status":"open","sticky":false,"template":"","format":"standard","meta":{"spay_email":"","footnotes":""},"categories":[37,8,39,52],"tags":[],"jetpack_featured_media_url":"https:\/\/i2.wp.com\/globalnewsmexico.com\/sitio\/wp-content\/uploads\/2020\/06\/omar-garcia-harfuch-secretario-seguridad_0_1_800_497.jpg?fit=958%2C596&ssl=1","jetpack_sharing_enabled":true,"jetpack_shortlink":"https:\/\/wp.me\/p9yqPL-cXB","jetpack_likes_enabled":true,"_links":{"self":[{"href":"https:\/\/globalnewsmexico.com\/sitio\/wp-json\/wp\/v2\/posts\/49823"}],"collection":[{"href":"https:\/\/globalnewsmexico.com\/sitio\/wp-json\/wp\/v2\/posts"}],"about":[{"href":"https:\/\/globalnewsmexico.com\/sitio\/wp-json\/wp\/v2\/types\/post"}],"author":[{"embeddable":true,"href":"https:\/\/globalnewsmexico.com\/sitio\/wp-json\/wp\/v2\/users\/5"}],"replies":[{"embeddable":true,"href":"https:\/\/globalnewsmexico.com\/sitio\/wp-json\/wp\/v2\/comments?post=49823"}],"version-history":[{"count":0,"href":"https:\/\/globalnewsmexico.com\/sitio\/wp-json\/wp\/v2\/posts\/49823\/revisions"}],"wp:featuredmedia":[{"embeddable":true,"href":"https:\/\/globalnewsmexico.com\/sitio\/wp-json\/wp\/v2\/media\/49825"}],"wp:attachment":[{"href":"https:\/\/globalnewsmexico.com\/sitio\/wp-json\/wp\/v2\/media?parent=49823"}],"wp:term":[{"taxonomy":"category","embeddable":true,"href":"https:\/\/globalnewsmexico.com\/sitio\/wp-json\/wp\/v2\/categories?post=49823"},{"taxonomy":"post_tag","embeddable":true,"href":"https:\/\/globalnewsmexico.com\/sitio\/wp-json\/wp\/v2\/tags?post=49823"}],"curies":[{"name":"wp","href":"https:\/\/api.w.org\/{rel}","templated":true}]}}