{"id":49903,"date":"2020-06-27T12:14:38","date_gmt":"2020-06-27T17:14:38","guid":{"rendered":"http:\/\/globalnewsmexico.com\/sitio\/?p=49903"},"modified":"2020-06-27T12:14:41","modified_gmt":"2020-06-27T17:14:41","slug":"tras-protestas-trump-ordena-largas-penas-de-prision-para-quien-destruya-monumentos","status":"publish","type":"post","link":"https:\/\/globalnewsmexico.com\/sitio\/tras-protestas-trump-ordena-largas-penas-de-prision-para-quien-destruya-monumentos\/","title":{"rendered":"Tras protestas, Trump ordena \u201clargas penas de prisi\u00f3n\u201d para quien destruya monumentos"},"content":{"rendered":"\n<p>El presidente de Estados Unidos, Donald Trump, firm\u00f3 una orden en la que se compromete a proteger monumentos p\u00fablicos, tras varias protestas en el pa\u00eds a partir del asesinato de George Floyd, a quien un polic\u00eda le oprimi\u00f3 el cuello con la rodilla, pues en algunas de las ciudades los manifestantes han tirado y atacado memoriales de figuras hist\u00f3ricas.<\/p>\n\n\n\n<p>\u201cHe tenido el privilegio de firmar una fuerte Orden Ejecutiva de protecci\u00f3n de los Monumentos, Memoriales y Estatuas de Estados Unidos, y combatir la reciente violencia criminal.\u00a0Largas penas de prisi\u00f3n por estos actos ilegales\u00a0contra nuestro gran pa\u00eds\u00bb, dijo en su cuenta de Twitter.<\/p>\n\n\n\n<p>El jefe de la Casa Blanca tambi\u00e9n anunci\u00f3 que no pasar\u00eda el fin de semana en su club de golf de Nueva Jersey, para asegurarse de que se cumpla con la orden en Washington.<\/p>\n\n\n\n<p>\u00abIba a ir a Bedminster, Nueva Jersey, este fin de semana, pero quise quedarme en Washington, D.C. para asegurarme de que se cumpla la ley y el orden\u00bb,&nbsp;agreg\u00f3 el mandatario estadounidense.<\/p>\n\n\n\n<p>Cabe recordar que los manifestantes derribaron en Washington una estatua del general confederado Albert Pike, mientras que esta semana otros intentos fracasaron al tratar de tirar una estatua del presidente Andrew Jackson, propietario de esclavos, cerca de la Casa Blanca.<\/p>\n\n\n\n<p>Aquellos que tiraron o da\u00f1aron monumentos \u00abno buscan m\u00e1s que destruir alguna cosa que honre nuestro pasado y borrar de la mente del p\u00fablico cualquier sugerencia de nuestro pasado que pueda ser honrado\u00bb, se\u00f1al\u00f3 la&nbsp;Casa Blanca.<\/p>\n\n\n\n<p>La orden pide \u00abla aplicaci\u00f3n de leyes que conllevan penas firmes de encarcelamiento para aquellos que son encontrados culpables de profanar monumentos p\u00fablicos\u00bb, sin anunciar ninguna nueva regulaci\u00f3n.<\/p>\n\n\n\n<p>\u00abEl presidente Trump nunca permitir\u00e1 que la violencia controle nuestras calles, reescriba nuestra historia o da\u00f1e el estilo de vida estadunidense\u00bb, apunt\u00f3 la Casa Blanca.<\/p>\n\n\n\n<p>Fuente: Agencias<\/p>\n","protected":false},"excerpt":{"rendered":"<p>#Mundo El presidente de #EstadosUnidos, #DonaldTrump, firm\u00f3 una orden en la que se compromete a proteger #monumentos p\u00fablicos, tras varias #protestas en el pa\u00eds a partir del #asesinato de #GeorgeFloyd.<\/p>\n","protected":false},"author":5,"featured_media":49904,"comment_status":"closed","ping_status":"open","sticky":false,"template":"","format":"standard","meta":{"spay_email":"","footnotes":""},"categories":[37,8,48,52],"tags":[],"jetpack_featured_media_url":"https:\/\/i2.wp.com\/globalnewsmexico.com\/sitio\/wp-content\/uploads\/2020\/06\/1108535.jpg?fit=1024%2C683&ssl=1","jetpack_sharing_enabled":true,"jetpack_shortlink":"https:\/\/wp.me\/p9yqPL-cYT","jetpack_likes_enabled":true,"_links":{"self":[{"href":"https:\/\/globalnewsmexico.com\/sitio\/wp-json\/wp\/v2\/posts\/49903"}],"collection":[{"href":"https:\/\/globalnewsmexico.com\/sitio\/wp-json\/wp\/v2\/posts"}],"about":[{"href":"https:\/\/globalnewsmexico.com\/sitio\/wp-json\/wp\/v2\/types\/post"}],"author":[{"embeddable":true,"href":"https:\/\/globalnewsmexico.com\/sitio\/wp-json\/wp\/v2\/users\/5"}],"replies":[{"embeddable":true,"href":"https:\/\/globalnewsmexico.com\/sitio\/wp-json\/wp\/v2\/comments?post=49903"}],"version-history":[{"count":0,"href":"https:\/\/globalnewsmexico.com\/sitio\/wp-json\/wp\/v2\/posts\/49903\/revisions"}],"wp:featuredmedia":[{"embeddable":true,"href":"https:\/\/globalnewsmexico.com\/sitio\/wp-json\/wp\/v2\/media\/49904"}],"wp:attachment":[{"href":"https:\/\/globalnewsmexico.com\/sitio\/wp-json\/wp\/v2\/media?parent=49903"}],"wp:term":[{"taxonomy":"category","embeddable":true,"href":"https:\/\/globalnewsmexico.com\/sitio\/wp-json\/wp\/v2\/categories?post=49903"},{"taxonomy":"post_tag","embeddable":true,"href":"https:\/\/globalnewsmexico.com\/sitio\/wp-json\/wp\/v2\/tags?post=49903"}],"curies":[{"name":"wp","href":"https:\/\/api.w.org\/{rel}","templated":true}]}}