{"id":49935,"date":"2020-06-29T10:31:47","date_gmt":"2020-06-29T15:31:47","guid":{"rendered":"http:\/\/globalnewsmexico.com\/sitio\/?p=49935"},"modified":"2020-06-29T10:31:51","modified_gmt":"2020-06-29T15:31:51","slug":"no-se-suspende-grito-de-independencia-pese-a-pandemia-de-covid-19-amlo","status":"publish","type":"post","link":"https:\/\/globalnewsmexico.com\/sitio\/no-se-suspende-grito-de-independencia-pese-a-pandemia-de-covid-19-amlo\/","title":{"rendered":"No se suspende Grito de Independencia, pese a pandemia de Covid-19: AMLO"},"content":{"rendered":"\n<p>El presidente Andr\u00e9s Manuel L\u00f3pez Obrador<strong> <\/strong>asegur\u00f3 que\u00a0no se suspender\u00e1\u00a0la conmemoraci\u00f3n por el inicio de la Guerra de Independencia, en septiembre pr\u00f3ximo, pese a la pandemia de\u00a0Covid-19.<\/p>\n\n\n\n<p>En conferencia de prensa desde Palacio Nacional, el mandatario mexicano se\u00f1al\u00f3 que la ceremonia del\u00a0Grito de Independencia\u00a0del pr\u00f3ximo\u00a015 de septiembre\u00a0sigue en pie, a pesar de que estados como\u00a0Nuevo Le\u00f3n\u00a0y Coahuila han decidido suspender sus actos para evitar la propagaci\u00f3n del\u00a0coronavirus.<\/p>\n\n\n\n<p>L\u00f3pez Obrador\u00a0record\u00f3 que en estos meses de\u00a0Emergencia Sanitaria\u00a0no se suspendieron ceremonias c\u00edvicas y simplemente se tomaron las medidas de distanciamientos social recomendadas, y lo mismo podr\u00eda pasar en el Grito.<\/p>\n\n\n\n<p>\u201c\u00bfC\u00f3mo vamos a suspender el Grito? De ninguna manera, lo que tenemos que hacer es analizar. Ya en su momento decidiremos c\u00f3mo se hace la ceremonia, pero claro que tenemos que dar el Grito de independencia, \u00bfc\u00f3mo vamos a olvidar la Historia?\u201d, expuso.<\/p>\n\n\n\n<p>Siguiendo con el tema,\u00a0el presidente\u00a0se\u00f1al\u00f3 que durante los sexenios pasados los gobiernos apostaron a la desmemoria y dejaron de lado la ense\u00f1anza de Civismo y la Filosof\u00eda, porque no les interesaba el fomento del nacionalismo.<\/p>\n\n\n\n<p>\u201cNo se hablaba de la Historia patria, predomin\u00f3 dar m\u00e1s tiempo para la recreaci\u00f3n, para las vacaciones, los puentes. Las fechas hist\u00f3ricas pasaron a segundo plano\u201d, apunt\u00f3.<\/p>\n\n\n\n<p>Esta situaci\u00f3n, consider\u00f3\u00a0L\u00f3pez Obrador, ha dado pie a que en M\u00e9xico haya \u201cmucho problema de clasismo, de racismo\u201d, pues se dej\u00f3 de apoyar las ciencias sociales.<\/p>\n\n\n\n<p>Fuente: SDP Noticias<\/p>\n","protected":false},"excerpt":{"rendered":"<p>#Nacional El presidente #Andr\u00e9sManuelL\u00f3pezObrador se\u00f1al\u00f3 que la ceremonia del #Grito de #Independencia sigue en pie, a pesar de que estados como #NuevoLe\u00f3n y #Coahuila han decidido suspender sus actos para evitar la propagaci\u00f3n del #coronavirus.<\/p>\n","protected":false},"author":5,"featured_media":49936,"comment_status":"closed","ping_status":"open","sticky":false,"template":"","format":"standard","meta":{"spay_email":"","footnotes":""},"categories":[37,8,39,52],"tags":[],"jetpack_featured_media_url":"https:\/\/i0.wp.com\/globalnewsmexico.com\/sitio\/wp-content\/uploads\/2020\/06\/amlo-grito.jpg?fit=1040%2C649&ssl=1","jetpack_sharing_enabled":true,"jetpack_shortlink":"https:\/\/wp.me\/p9yqPL-cZp","jetpack_likes_enabled":true,"_links":{"self":[{"href":"https:\/\/globalnewsmexico.com\/sitio\/wp-json\/wp\/v2\/posts\/49935"}],"collection":[{"href":"https:\/\/globalnewsmexico.com\/sitio\/wp-json\/wp\/v2\/posts"}],"about":[{"href":"https:\/\/globalnewsmexico.com\/sitio\/wp-json\/wp\/v2\/types\/post"}],"author":[{"embeddable":true,"href":"https:\/\/globalnewsmexico.com\/sitio\/wp-json\/wp\/v2\/users\/5"}],"replies":[{"embeddable":true,"href":"https:\/\/globalnewsmexico.com\/sitio\/wp-json\/wp\/v2\/comments?post=49935"}],"version-history":[{"count":0,"href":"https:\/\/globalnewsmexico.com\/sitio\/wp-json\/wp\/v2\/posts\/49935\/revisions"}],"wp:featuredmedia":[{"embeddable":true,"href":"https:\/\/globalnewsmexico.com\/sitio\/wp-json\/wp\/v2\/media\/49936"}],"wp:attachment":[{"href":"https:\/\/globalnewsmexico.com\/sitio\/wp-json\/wp\/v2\/media?parent=49935"}],"wp:term":[{"taxonomy":"category","embeddable":true,"href":"https:\/\/globalnewsmexico.com\/sitio\/wp-json\/wp\/v2\/categories?post=49935"},{"taxonomy":"post_tag","embeddable":true,"href":"https:\/\/globalnewsmexico.com\/sitio\/wp-json\/wp\/v2\/tags?post=49935"}],"curies":[{"name":"wp","href":"https:\/\/api.w.org\/{rel}","templated":true}]}}