{"id":50015,"date":"2020-06-30T12:28:28","date_gmt":"2020-06-30T17:28:28","guid":{"rendered":"http:\/\/globalnewsmexico.com\/sitio\/?p=50015"},"modified":"2020-06-30T12:28:32","modified_gmt":"2020-06-30T17:28:32","slug":"operan-nuevamente-a-garcia-harfuch-se-encuentra-estable","status":"publish","type":"post","link":"https:\/\/globalnewsmexico.com\/sitio\/operan-nuevamente-a-garcia-harfuch-se-encuentra-estable\/","title":{"rendered":"Operan nuevamente a Garc\u00eda Harfuch; se encuentra estable"},"content":{"rendered":"\n<p>El secretario de Seguridad Ciudadana de la Ciudad de M\u00e9xico, Omar Garc\u00eda Harfuch, ingres\u00f3 esta ma\u00f1ana a cirug\u00eda, en continuidad a una de las lesiones que sufri\u00f3 tras el\u00a0atentado en calles de la colonia Lomas de Chapultepec, cuya autor\u00eda fue atribuida a presuntos integrantes del\u00a0c\u00e1rtel Jalisco Nueva Generaci\u00f3n (CJNG).\u00a0<\/p>\n\n\n\n<p>De acuerdo con la dependencia capitalina, el funcionario sali\u00f3 del quir\u00f3fano y se\u00a0encuentra estable, luego de haber recibido\u00a0tres impactos de arma de fuego\u00a0cuando circulaba sobre Paseo de la Reforma el 26 de junio.<\/p>\n\n\n\n<p>Tras el atentado del viernes, el secretario de Seguridad Ciudadana contin\u00faa al frente de los temas de car\u00e1cter operativo y en la coordinaci\u00f3n de acciones en materia de seguridad.<\/p>\n\n\n\n<p>Fuente: Milenio<\/p>\n","protected":false},"excerpt":{"rendered":"<p>#M\u00e9xico El secretario de Seguridad Ciudadana de la #CDMX, #OmarGarc\u00edaHarfuch, ingres\u00f3 esta ma\u00f1ana a #cirug\u00eda, en continuidad a una de las lesiones que sufri\u00f3 tras el #atentado en calles de la colonia Lomas de Chapultepec.<\/p>\n","protected":false},"author":5,"featured_media":50016,"comment_status":"closed","ping_status":"open","sticky":false,"template":"","format":"standard","meta":{"spay_email":"","footnotes":""},"categories":[37,8,49,52],"tags":[],"jetpack_featured_media_url":"https:\/\/i2.wp.com\/globalnewsmexico.com\/sitio\/wp-content\/uploads\/2020\/06\/santigo-nieto-visita-garcia-harfuch_0_90_327_203.jpg?fit=958%2C596&ssl=1","jetpack_sharing_enabled":true,"jetpack_shortlink":"https:\/\/wp.me\/p9yqPL-d0H","jetpack_likes_enabled":true,"_links":{"self":[{"href":"https:\/\/globalnewsmexico.com\/sitio\/wp-json\/wp\/v2\/posts\/50015"}],"collection":[{"href":"https:\/\/globalnewsmexico.com\/sitio\/wp-json\/wp\/v2\/posts"}],"about":[{"href":"https:\/\/globalnewsmexico.com\/sitio\/wp-json\/wp\/v2\/types\/post"}],"author":[{"embeddable":true,"href":"https:\/\/globalnewsmexico.com\/sitio\/wp-json\/wp\/v2\/users\/5"}],"replies":[{"embeddable":true,"href":"https:\/\/globalnewsmexico.com\/sitio\/wp-json\/wp\/v2\/comments?post=50015"}],"version-history":[{"count":0,"href":"https:\/\/globalnewsmexico.com\/sitio\/wp-json\/wp\/v2\/posts\/50015\/revisions"}],"wp:featuredmedia":[{"embeddable":true,"href":"https:\/\/globalnewsmexico.com\/sitio\/wp-json\/wp\/v2\/media\/50016"}],"wp:attachment":[{"href":"https:\/\/globalnewsmexico.com\/sitio\/wp-json\/wp\/v2\/media?parent=50015"}],"wp:term":[{"taxonomy":"category","embeddable":true,"href":"https:\/\/globalnewsmexico.com\/sitio\/wp-json\/wp\/v2\/categories?post=50015"},{"taxonomy":"post_tag","embeddable":true,"href":"https:\/\/globalnewsmexico.com\/sitio\/wp-json\/wp\/v2\/tags?post=50015"}],"curies":[{"name":"wp","href":"https:\/\/api.w.org\/{rel}","templated":true}]}}