{"id":50048,"date":"2020-07-01T10:13:21","date_gmt":"2020-07-01T15:13:21","guid":{"rendered":"http:\/\/globalnewsmexico.com\/sitio\/?p=50048"},"modified":"2020-07-01T10:13:24","modified_gmt":"2020-07-01T15:13:24","slug":"denuncias-por-presuntos-contratos-ilicitos-de-energia-seran-contra-empresas-y-funcionarios-de-cfe","status":"publish","type":"post","link":"https:\/\/globalnewsmexico.com\/sitio\/denuncias-por-presuntos-contratos-ilicitos-de-energia-seran-contra-empresas-y-funcionarios-de-cfe\/","title":{"rendered":"Denuncias por presuntos contratos il\u00edcitos de energ\u00eda, ser\u00e1n contra empresas y funcionarios de CFE"},"content":{"rendered":"\n<p>El presidente Andr\u00e9s Manuel L\u00f3pez Obrador adelant\u00f3 que las\u00a0denuncias por presuntos contratos il\u00edcitos a empresas energ\u00e9ticas, ser\u00e1n en contra de los due\u00f1os y funcionarios de la Comisi\u00f3n Federal de Electricidad (CFE).<\/p>\n\n\n\n<p>En su conferencia de prensa ma\u00f1anera, L\u00f3pez Obrador dijo que&nbsp;dichos contratos fueron pantalla, pues asegur\u00f3 que se estableci\u00f3 un precio por el pago de la energ\u00eda a la CFE&nbsp; y luego entraba un anexo con otra tarifa.<\/p>\n\n\n\n<p>\u00abVienen de tiempo atr\u00e1s estos contratos, fueron contratos pantalla, porque se hicieron licitaciones, se estableci\u00f3 un precio por el pago de energ\u00eda que la CFE le compra a las empresas particulares.<\/p>\n\n\n\n<p>Era nada m\u00e1s la pantalla porque de inmediato entraba un anexo con otra tarifa en la que se le ten\u00eda que pagar m\u00e1s a las empresas particulares, la\u00a0 mayor\u00eda empresas extranjeras y destacadamente empresas espa\u00f1olas\u00bb, apunt\u00f3.<\/p>\n\n\n\n<p>Fuente: Xeu Noticias<\/p>\n","protected":false},"excerpt":{"rendered":"<p>#Nacional El presidente #Andr\u00e9sManuelL\u00f3pezObrador adelant\u00f3 que las #denuncias por presuntos #contratos il\u00edcitos a empresas energ\u00e9ticas, ser\u00e1n en contra de los due\u00f1os y funcionarios de la Comisi\u00f3n Federal de Electricidad (#CFE).<\/p>\n","protected":false},"author":5,"featured_media":50049,"comment_status":"closed","ping_status":"open","sticky":false,"template":"","format":"standard","meta":{"spay_email":"","footnotes":""},"categories":[37,8,39,52],"tags":[],"jetpack_featured_media_url":"https:\/\/i2.wp.com\/globalnewsmexico.com\/sitio\/wp-content\/uploads\/2020\/07\/AMLO-CFE.jpg?fit=1040%2C546&ssl=1","jetpack_sharing_enabled":true,"jetpack_shortlink":"https:\/\/wp.me\/p9yqPL-d1e","jetpack_likes_enabled":true,"_links":{"self":[{"href":"https:\/\/globalnewsmexico.com\/sitio\/wp-json\/wp\/v2\/posts\/50048"}],"collection":[{"href":"https:\/\/globalnewsmexico.com\/sitio\/wp-json\/wp\/v2\/posts"}],"about":[{"href":"https:\/\/globalnewsmexico.com\/sitio\/wp-json\/wp\/v2\/types\/post"}],"author":[{"embeddable":true,"href":"https:\/\/globalnewsmexico.com\/sitio\/wp-json\/wp\/v2\/users\/5"}],"replies":[{"embeddable":true,"href":"https:\/\/globalnewsmexico.com\/sitio\/wp-json\/wp\/v2\/comments?post=50048"}],"version-history":[{"count":0,"href":"https:\/\/globalnewsmexico.com\/sitio\/wp-json\/wp\/v2\/posts\/50048\/revisions"}],"wp:featuredmedia":[{"embeddable":true,"href":"https:\/\/globalnewsmexico.com\/sitio\/wp-json\/wp\/v2\/media\/50049"}],"wp:attachment":[{"href":"https:\/\/globalnewsmexico.com\/sitio\/wp-json\/wp\/v2\/media?parent=50048"}],"wp:term":[{"taxonomy":"category","embeddable":true,"href":"https:\/\/globalnewsmexico.com\/sitio\/wp-json\/wp\/v2\/categories?post=50048"},{"taxonomy":"post_tag","embeddable":true,"href":"https:\/\/globalnewsmexico.com\/sitio\/wp-json\/wp\/v2\/tags?post=50048"}],"curies":[{"name":"wp","href":"https:\/\/api.w.org\/{rel}","templated":true}]}}