{"id":50067,"date":"2020-07-01T14:13:22","date_gmt":"2020-07-01T19:13:22","guid":{"rendered":"http:\/\/globalnewsmexico.com\/sitio\/?p=50067"},"modified":"2020-07-01T14:13:25","modified_gmt":"2020-07-01T19:13:25","slug":"espana-y-portugal-reabren-su-frontera-comun","status":"publish","type":"post","link":"https:\/\/globalnewsmexico.com\/sitio\/espana-y-portugal-reabren-su-frontera-comun\/","title":{"rendered":"Espa\u00f1a y Portugal reabren su frontera com\u00fan"},"content":{"rendered":"\n<p>Espa\u00f1a\u00a0y\u00a0Portugal reabrieron\u00a0hoy\u00a0con actos solemnes su\u00a0frontera terrestre,\u00a0cerrada\u00a0desde el\u00a016 de marzo\u00a0cuando\u00a0Portugal\u00a0decidi\u00f3\u00a0protegerse\u00a0de la\u00a0pandemia\u00a0de\u00a0coronavirus\u00a0que progresaba a ritmo galopante en el\u00a0pa\u00eds vecino.<\/p>\n\n\n\n<p>A\u00a0tres meses y medio\u00a0del\u00a0cierre\u00a0de su\u00a0\u00fanica frontera terrestre,\u00a0Portugal\u00a0sigue siendo uno de los\u00a0pa\u00edses europeos menos golpeados\u00a0por el Covid-19, con\u00a0mil 576 muertos\u00a0y\u00a042 mil 141 casos\u00a0confirmados, mientras que\u00a0Espa\u00f1a\u00a0es de los\u00a0m\u00e1s afectados, con\u00a028 mil 355 decesos\u00a0y casi\u00a0250 mil casos notificados.<\/p>\n\n\n\n<p>Pero ambos luchan contra rebrotes, y el aumento de los contagios genera inquietud en Portugal.<\/p>\n\n\n\n<p>De hecho, Lisboa tuvo que volver a confinar el mi\u00e9rcoles a 700 mil de sus habitantes, en barrios al norte en las afueras de la capital.<\/p>\n\n\n\n<p>A causa de la pobreza, estas zonas no pudieron realmente respetar el primer confinamiento, obligados sus habitantes a seguir trabajando y usando el transporte p\u00fablico, seg\u00fan trabajadores sociales.<\/p>\n\n\n\n<p>En el pa\u00eds vecino, las autoridades sanitarias espa\u00f1olas vigilan medio centenar de focos en distintos puntos del pa\u00eds, aunque la mayor parte de ellos con apenas un pu\u00f1ado de contagios.<\/p>\n\n\n\n<p>La reapertura de la frontera terrestre fue marcada por ceremonias en las que participaron el rey de Espa\u00f1a, Felipe VI, y el presidente portugu\u00e9s, Marcelo Rebelo de Sousa, as\u00ed como el primer ministro portugu\u00e9s, Antonio Costa, y su par espa\u00f1ol, Pedro S\u00e1nchez.<\/p>\n\n\n\n<p>Todos con cubrebocas en el rostro, escucharon los himnos nacionales interpretados por instrumentos de cuerda, antes de dar unos pasos en Badajoz, del lado espa\u00f1ol. Luego repitieron la ceremonia del lado portugu\u00e9s, en Elvas, a menos de 20 km de la frontera.<\/p>\n\n\n\n<p>El restablecimiento del tr\u00e1fico entre los dos pa\u00edses ser\u00e1 un alivio para los comerciantes, especialmente los portugueses.<\/p>\n\n\n\n<p>Los espa\u00f1oles suelen cruzar la frontera para comprar a mejor precio vajillas o toallas, o tambi\u00e9n para comer en conocidos restaurantes en la desembocadura del r\u00edo Guadiana.<\/p>\n\n\n\n<p>Tambi\u00e9n es habitual, ahora en verano, que los espa\u00f1oles vayan a pasar el d\u00eda en las playas del Algarve o en localidades del interior portugu\u00e9s.<\/p>\n\n\n\n<p>Fuente: Agencias<\/p>\n","protected":false},"excerpt":{"rendered":"<p>#Mundo #Espa\u00f1a y #Portugal reabrieron hoy con actos solemnes su #frontera terrestre, cerrada desde el 16 de marzo cuando Portugal decidi\u00f3 protegerse de la #pandemia de #coronavirus que progresaba a ritmo galopante en el pa\u00eds vecino.<\/p>\n","protected":false},"author":5,"featured_media":50068,"comment_status":"closed","ping_status":"open","sticky":false,"template":"","format":"standard","meta":{"spay_email":"","footnotes":""},"categories":[37,8,48,52],"tags":[],"jetpack_featured_media_url":"https:\/\/i2.wp.com\/globalnewsmexico.com\/sitio\/wp-content\/uploads\/2020\/07\/2391426.jpg?fit=1040%2C780&ssl=1","jetpack_sharing_enabled":true,"jetpack_shortlink":"https:\/\/wp.me\/p9yqPL-d1x","jetpack_likes_enabled":true,"_links":{"self":[{"href":"https:\/\/globalnewsmexico.com\/sitio\/wp-json\/wp\/v2\/posts\/50067"}],"collection":[{"href":"https:\/\/globalnewsmexico.com\/sitio\/wp-json\/wp\/v2\/posts"}],"about":[{"href":"https:\/\/globalnewsmexico.com\/sitio\/wp-json\/wp\/v2\/types\/post"}],"author":[{"embeddable":true,"href":"https:\/\/globalnewsmexico.com\/sitio\/wp-json\/wp\/v2\/users\/5"}],"replies":[{"embeddable":true,"href":"https:\/\/globalnewsmexico.com\/sitio\/wp-json\/wp\/v2\/comments?post=50067"}],"version-history":[{"count":0,"href":"https:\/\/globalnewsmexico.com\/sitio\/wp-json\/wp\/v2\/posts\/50067\/revisions"}],"wp:featuredmedia":[{"embeddable":true,"href":"https:\/\/globalnewsmexico.com\/sitio\/wp-json\/wp\/v2\/media\/50068"}],"wp:attachment":[{"href":"https:\/\/globalnewsmexico.com\/sitio\/wp-json\/wp\/v2\/media?parent=50067"}],"wp:term":[{"taxonomy":"category","embeddable":true,"href":"https:\/\/globalnewsmexico.com\/sitio\/wp-json\/wp\/v2\/categories?post=50067"},{"taxonomy":"post_tag","embeddable":true,"href":"https:\/\/globalnewsmexico.com\/sitio\/wp-json\/wp\/v2\/tags?post=50067"}],"curies":[{"name":"wp","href":"https:\/\/api.w.org\/{rel}","templated":true}]}}