{"id":50069,"date":"2020-07-01T14:18:16","date_gmt":"2020-07-01T19:18:16","guid":{"rendered":"http:\/\/globalnewsmexico.com\/sitio\/?p=50069"},"modified":"2020-07-01T14:18:19","modified_gmt":"2020-07-01T19:18:19","slug":"posponen-nuevamente-feria-de-san-marcos-sera-hasta-2021","status":"publish","type":"post","link":"https:\/\/globalnewsmexico.com\/sitio\/posponen-nuevamente-feria-de-san-marcos-sera-hasta-2021\/","title":{"rendered":"Posponen nuevamente Feria de San Marcos; ser\u00e1 hasta 2021"},"content":{"rendered":"\n<p>La edici\u00f3n 2020 de la Feria Nacional de San Marcos, en Aguascalientes, fue pospuesta por segunda vez\u00a0debido a la pandemia por Covid-19 y se celebrar\u00e1 hasta el pr\u00f3ximo a\u00f1o<strong>,<\/strong> informaron autoridades estatales.<\/p>\n\n\n\n<p>A trav\u00e9s de un video en redes sociales, los organizadores de la tradicional fiesta informaron que \u00abeste a\u00f1o fue nost\u00e1lgico para todos. Lleg\u00f3 un enemigo invisible que vino a cambiar nuestras vidas y no pudimos celebrar unas de las tradiciones m\u00e1s antiguas de M\u00e9xico\u00bb.<\/p>\n\n\n\n<p>\u00abLo m\u00e1s importante es tu salud y la de tu familia, por eso la Feria Nacional de San Marcos te espera el pr\u00f3ximo a\u00f1o para celebrar 193 a\u00f1os de historia\u00bb, dijeron.<\/p>\n\n\n\n<p>En marzo, el Gobierno estatal anunci\u00f3 que el evento se realizar\u00eda en junio debido a la pandemia; sin embargo, el aumento de contagios, la aplicaci\u00f3n de sem\u00e1foros de advertencia y la nueva normalidad oblig\u00f3 a tomar esta nueva medida.<\/p>\n\n\n\n<p>La Feria Nacional de San Marcos se realiza desde 1828 con el objetivo de potenciar la cultura gastron\u00f3mica, agraria, ganadera y comercial del estado. El a\u00f1o pasado\u00a0<u>se registr\u00f3 un r\u00e9cord de asistencia<\/u>, donde participaron m\u00e1s de cuatro millones de personas, lo que gener\u00f3 una importante derrama econ\u00f3mica y ocupaci\u00f3n hotelera.<\/p>\n\n\n\n<p>Fuente: Milenio<\/p>\n","protected":false},"excerpt":{"rendered":"<p>#M\u00e9xico La edici\u00f3n 2020 de la #Feria Nacional de #SanMarcos, en #Aguascalientes, fue pospuesta por segunda vez debido a la #pandemia por #Covid19 y se celebrar\u00e1 hasta el pr\u00f3ximo a\u00f1o,  informaron autoridades estatales.<\/p>\n","protected":false},"author":5,"featured_media":50070,"comment_status":"closed","ping_status":"open","sticky":false,"template":"","format":"standard","meta":{"spay_email":"","footnotes":""},"categories":[37,8,49,52],"tags":[],"jetpack_featured_media_url":"https:\/\/i2.wp.com\/globalnewsmexico.com\/sitio\/wp-content\/uploads\/2020\/07\/ano-evento-record-asistencia-twitter_0_28_680_423.jpg?fit=958%2C596&ssl=1","jetpack_sharing_enabled":true,"jetpack_shortlink":"https:\/\/wp.me\/p9yqPL-d1z","jetpack_likes_enabled":true,"_links":{"self":[{"href":"https:\/\/globalnewsmexico.com\/sitio\/wp-json\/wp\/v2\/posts\/50069"}],"collection":[{"href":"https:\/\/globalnewsmexico.com\/sitio\/wp-json\/wp\/v2\/posts"}],"about":[{"href":"https:\/\/globalnewsmexico.com\/sitio\/wp-json\/wp\/v2\/types\/post"}],"author":[{"embeddable":true,"href":"https:\/\/globalnewsmexico.com\/sitio\/wp-json\/wp\/v2\/users\/5"}],"replies":[{"embeddable":true,"href":"https:\/\/globalnewsmexico.com\/sitio\/wp-json\/wp\/v2\/comments?post=50069"}],"version-history":[{"count":0,"href":"https:\/\/globalnewsmexico.com\/sitio\/wp-json\/wp\/v2\/posts\/50069\/revisions"}],"wp:featuredmedia":[{"embeddable":true,"href":"https:\/\/globalnewsmexico.com\/sitio\/wp-json\/wp\/v2\/media\/50070"}],"wp:attachment":[{"href":"https:\/\/globalnewsmexico.com\/sitio\/wp-json\/wp\/v2\/media?parent=50069"}],"wp:term":[{"taxonomy":"category","embeddable":true,"href":"https:\/\/globalnewsmexico.com\/sitio\/wp-json\/wp\/v2\/categories?post=50069"},{"taxonomy":"post_tag","embeddable":true,"href":"https:\/\/globalnewsmexico.com\/sitio\/wp-json\/wp\/v2\/tags?post=50069"}],"curies":[{"name":"wp","href":"https:\/\/api.w.org\/{rel}","templated":true}]}}