{"id":50101,"date":"2020-07-01T22:14:31","date_gmt":"2020-07-02T03:14:31","guid":{"rendered":"http:\/\/globalnewsmexico.com\/sitio\/?p=50101"},"modified":"2020-07-01T22:14:34","modified_gmt":"2020-07-02T03:14:34","slug":"amlo-refrenda-su-liderazgo-y-compromiso-con-la-cuarta-transformacion-gomez-cazarin","status":"publish","type":"post","link":"https:\/\/globalnewsmexico.com\/sitio\/amlo-refrenda-su-liderazgo-y-compromiso-con-la-cuarta-transformacion-gomez-cazarin\/","title":{"rendered":"AMLO refrenda su liderazgo y compromiso con la Cuarta Transformaci\u00f3n: G\u00f3mez Cazar\u00edn"},"content":{"rendered":"\n<p>Tras dos a\u00f1os del hist\u00f3rico triunfo democr\u00e1tico del pueblo de M\u00e9xico, el presidente Andr\u00e9s Manuel L\u00f3pez Obrador ha encabezado una completa renovaci\u00f3n a la vida pol\u00edtica, econ\u00f3mica, social y cultural del pa\u00eds, liderando un Gobierno distinguido por la austeridad, el combate a la corrupci\u00f3n y la altura de miras, coment\u00f3 el diputado Juan Javier G\u00f3mez Cazar\u00edn, presidente de la Junta de Coordinaci\u00f3n Pol\u00edtica del Congreso de Veracruz.<\/p>\n\n\n\n<p>\u201cHoy se cumple el Segundo Aniversario del inolvidable Primero de Julio del 2018, la m\u00e1s importante jornada c\u00edvica que hemos vivido las y los mexicanos, quienes, de manera pac\u00edfica y democr\u00e1tica optamos por un cambio de r\u00e9gimen y una verdadera transformaci\u00f3n del panorama p\u00fablico nacional\u201d, apunt\u00f3 el Coordinador del Grupo Legislativo de Morena.<\/p>\n\n\n\n<p>Respecto al mensaje del Jefe del Ejecutivo Federal, G\u00f3mez Cazar\u00edn sostuvo que han pasado 19 meses de una administraci\u00f3n responsable y sensible a las necesidades de las personas m\u00e1s vulnerables, con la puesta en marcha de los Programas Sociales del Bienestar, beneficiando directamente a familias de las clases pobres y medias de M\u00e9xico, que representan m\u00e1s del 70% de la poblaci\u00f3n total del pa\u00eds.<\/p>\n\n\n\n<p>\u201cComo lo se\u00f1al\u00f3 nuestro presidente, su sexenio se distinguir\u00e1 por la atenci\u00f3n a las demandas hist\u00f3ricas de los m\u00e1s pobres y marginados, la paz y el bienestar son frutos de la reactivaci\u00f3n econ\u00f3mica y los diversos apoyos a quienes conforman la base de la pir\u00e1mide socioecon\u00f3mica del pa\u00eds. La pobreza se est\u00e1 atendiendo desde abajo, con la inyecci\u00f3n de capitales a los m\u00e1s olvidados\u201d, dijo el legislador.<\/p>\n\n\n\n<p>Entre los programas asistenciales m\u00e1s representantivos, el l\u00edder de la JUCOPO subray\u00f3 las Pensiones a personas adultas mayores y con discapacidad, las becas de J\u00f3venes Construyendo el Futuro y los apoyos a millones de estudiantes de escasos recursos, el Programa Sembrando Vida, los Cr\u00e9ditos a la Palabra y las Tandas del Bienestar.<\/p>\n\n\n\n<p>Tambi\u00e9n, el diputado alab\u00f3 el f\u00e9rreo combate a la corrupci\u00f3n que ha establecido AMLO, aparejado de un ejercicio austero del poder p\u00fablico, pues en comparaci\u00f3n de la administraci\u00f3n anterior, ahora se gasta un 70% menos del presupuesto de las y los mexicanos: \u201cpor primera vez, el gobierno fue quien se ajust\u00f3 el cintur\u00f3n y no se lastimaron los bolsillos de la ciudadan\u00eda para sostener la inversi\u00f3n p\u00fablica\u201d.<\/p>\n\n\n\n<p>De igual manera, el representante del Distrito XXV (San Andr\u00e9s Tuxtla) destac\u00f3 el decidido impulso a los magnos proyectos de infraestructura, como el inicio del Corredor Interoce\u00e1nico del Istmo de Tehuantepec con la ampliaci\u00f3n de los puertos de Salina Cruz y Coatzacoalcos y la creaci\u00f3n de 10 parques industriales, lo que redituar\u00e1 en m\u00e1s empleos y oportunidades para Veracruz.<\/p>\n\n\n\n<p>En el mismo sentido, resalt\u00f3 el ahorro de m\u00e1s de 270 mil millones de pesos en contratos de obras p\u00fablicas; principalmente, con el Aeropuerto Felipe \u00c1ngeles, que va a costar 220 mil millones menos que el proyectado para Texcoco.<\/p>\n\n\n\n<p>Finalmente, G\u00f3mez Cazar\u00edn reconoci\u00f3 al Tren Maya como un detonante de inversi\u00f3n para el Sureste mexicano.<\/p>\n","protected":false},"excerpt":{"rendered":"<p>#Destacamos Tras dos a\u00f1os del hist\u00f3rico triunfo democr\u00e1tico del pueblo de #M\u00e9xico, el presidente #Andr\u00e9sManuelL\u00f3pezObrador ha encabezado una completa renovaci\u00f3n a la vida pol\u00edtica, econ\u00f3mica, social y cultural del pa\u00eds, se\u00f1al\u00f3 el #diputado #JuanJavierG\u00f3mezCazar\u00edn.<\/p>\n","protected":false},"author":5,"featured_media":50102,"comment_status":"closed","ping_status":"open","sticky":false,"template":"","format":"standard","meta":{"spay_email":"","footnotes":""},"categories":[37,8,50,52],"tags":[],"jetpack_featured_media_url":"https:\/\/i1.wp.com\/globalnewsmexico.com\/sitio\/wp-content\/uploads\/2020\/07\/940b6dfc-6a37-4fa7-a643-f46c4d2cf30c.jpg?fit=1040%2C858&ssl=1","jetpack_sharing_enabled":true,"jetpack_shortlink":"https:\/\/wp.me\/p9yqPL-d25","jetpack_likes_enabled":true,"_links":{"self":[{"href":"https:\/\/globalnewsmexico.com\/sitio\/wp-json\/wp\/v2\/posts\/50101"}],"collection":[{"href":"https:\/\/globalnewsmexico.com\/sitio\/wp-json\/wp\/v2\/posts"}],"about":[{"href":"https:\/\/globalnewsmexico.com\/sitio\/wp-json\/wp\/v2\/types\/post"}],"author":[{"embeddable":true,"href":"https:\/\/globalnewsmexico.com\/sitio\/wp-json\/wp\/v2\/users\/5"}],"replies":[{"embeddable":true,"href":"https:\/\/globalnewsmexico.com\/sitio\/wp-json\/wp\/v2\/comments?post=50101"}],"version-history":[{"count":0,"href":"https:\/\/globalnewsmexico.com\/sitio\/wp-json\/wp\/v2\/posts\/50101\/revisions"}],"wp:featuredmedia":[{"embeddable":true,"href":"https:\/\/globalnewsmexico.com\/sitio\/wp-json\/wp\/v2\/media\/50102"}],"wp:attachment":[{"href":"https:\/\/globalnewsmexico.com\/sitio\/wp-json\/wp\/v2\/media?parent=50101"}],"wp:term":[{"taxonomy":"category","embeddable":true,"href":"https:\/\/globalnewsmexico.com\/sitio\/wp-json\/wp\/v2\/categories?post=50101"},{"taxonomy":"post_tag","embeddable":true,"href":"https:\/\/globalnewsmexico.com\/sitio\/wp-json\/wp\/v2\/tags?post=50101"}],"curies":[{"name":"wp","href":"https:\/\/api.w.org\/{rel}","templated":true}]}}