{"id":50107,"date":"2020-07-02T10:26:10","date_gmt":"2020-07-02T15:26:10","guid":{"rendered":"http:\/\/globalnewsmexico.com\/sitio\/?p=50107"},"modified":"2020-07-02T10:26:14","modified_gmt":"2020-07-02T15:26:14","slug":"cabeza-de-vaca-gobernador-de-tamaulipas-da-positivo-a-coronavirus","status":"publish","type":"post","link":"https:\/\/globalnewsmexico.com\/sitio\/cabeza-de-vaca-gobernador-de-tamaulipas-da-positivo-a-coronavirus\/","title":{"rendered":"Cabeza de Vaca, gobernador de Tamaulipas, da positivo a coronavirus"},"content":{"rendered":"\n<p>El gobernador de Tamaulipas,\u00a0Francisco Garc\u00eda Cabeza de Vaca, inform\u00f3 que dio positivo\u00a0a la\u00a0prueba de coronavirus, por lo que a partir de\u00a0hoy comenzar\u00e1 a trabajar desde su casa, siguiendo las indicaciones de las autoridades de salud.<\/p>\n\n\n\n<p>\u00abMe permito informarles que he dado positivo a la prueba de Covid-19. A partir de este momento, desde casa, estar\u00e9 siguiendo las indicaciones de la Secretar\u00eda de Salud de Tamaulipas y desde aqu\u00ed seguir\u00e9 trabajando. #Qu\u00e9dateEnCasa, escribi\u00f3 en su cuenta de Twitter.<\/p>\n\n\n\n<p>Detall\u00f3 que\u00a0ya est\u00e1 en comunicaci\u00f3n\u00a0con su gabinete de\u00a0Salud, Seguridad, Econom\u00eda y Bienestar, para continuar atendiendo asuntos de Tamaulipas y reiter\u00f3 que el estado\u00a0\u00abatraviesa un momento cr\u00edtico de contagios\u00bb.<\/p>\n\n\n\n<p>Cabeza de Vaca\u00a0es el cuarto gobernador en dar positivo a la prueba, luego de que Omar Fayad, de Hidalgo; Francisco Dom\u00ednguez, de Quer\u00e9taro y Ad\u00e1n Augusto L\u00f3pez, de Tabasco, tambi\u00e9n fueron diagnosticados.<\/p>\n\n\n\n<p>Al igual que funcionarios como Arturo Herrera, secretario de Hacienda y Cr\u00e9dito P\u00fablico, quien dio positivo a la prueba el 25 de junio, e Irma Er\u00e9ndira Sandoval, titular de la Funci\u00f3n P\u00fablica, diagnosticada el 20 de abril.\u00a0<\/p>\n\n\n\n<p>Asimismo, el embajador de M\u00e9xico en la Organizaci\u00f3n de las Naciones Unidas, Juan Ram\u00f3n de la Fuente, y Ricardo Sheffield, titular de la Procuradur\u00eda Federal del Consumidor (Profeco), quienes tambi\u00e9n resultaron positivos.<\/p>\n\n\n\n<p>Fuente: Milenio<\/p>\n","protected":false},"excerpt":{"rendered":"<p>#M\u00e9xico El gobernador de #Tamaulipas, #FranciscoGarc\u00edaCabezaDeVaca, inform\u00f3 que dio positivo a la prueba de #coronavirus, por lo que a partir de hoy comenzar\u00e1 a trabajar desde su casa, siguiendo las indicaciones de las autoridades de salud.<\/p>\n","protected":false},"author":5,"featured_media":50108,"comment_status":"closed","ping_status":"open","sticky":false,"template":"","format":"standard","meta":{"spay_email":"","footnotes":""},"categories":[37,8,49,52],"tags":[],"jetpack_featured_media_url":"https:\/\/i2.wp.com\/globalnewsmexico.com\/sitio\/wp-content\/uploads\/2020\/07\/francisco-garcia-cabeza-de-vaca-1.jpg?fit=958%2C596&ssl=1","jetpack_sharing_enabled":true,"jetpack_shortlink":"https:\/\/wp.me\/p9yqPL-d2b","jetpack_likes_enabled":true,"_links":{"self":[{"href":"https:\/\/globalnewsmexico.com\/sitio\/wp-json\/wp\/v2\/posts\/50107"}],"collection":[{"href":"https:\/\/globalnewsmexico.com\/sitio\/wp-json\/wp\/v2\/posts"}],"about":[{"href":"https:\/\/globalnewsmexico.com\/sitio\/wp-json\/wp\/v2\/types\/post"}],"author":[{"embeddable":true,"href":"https:\/\/globalnewsmexico.com\/sitio\/wp-json\/wp\/v2\/users\/5"}],"replies":[{"embeddable":true,"href":"https:\/\/globalnewsmexico.com\/sitio\/wp-json\/wp\/v2\/comments?post=50107"}],"version-history":[{"count":0,"href":"https:\/\/globalnewsmexico.com\/sitio\/wp-json\/wp\/v2\/posts\/50107\/revisions"}],"wp:featuredmedia":[{"embeddable":true,"href":"https:\/\/globalnewsmexico.com\/sitio\/wp-json\/wp\/v2\/media\/50108"}],"wp:attachment":[{"href":"https:\/\/globalnewsmexico.com\/sitio\/wp-json\/wp\/v2\/media?parent=50107"}],"wp:term":[{"taxonomy":"category","embeddable":true,"href":"https:\/\/globalnewsmexico.com\/sitio\/wp-json\/wp\/v2\/categories?post=50107"},{"taxonomy":"post_tag","embeddable":true,"href":"https:\/\/globalnewsmexico.com\/sitio\/wp-json\/wp\/v2\/tags?post=50107"}],"curies":[{"name":"wp","href":"https:\/\/api.w.org\/{rel}","templated":true}]}}