{"id":50131,"date":"2020-07-02T13:59:39","date_gmt":"2020-07-02T18:59:39","guid":{"rendered":"http:\/\/globalnewsmexico.com\/sitio\/?p=50131"},"modified":"2020-07-02T13:59:43","modified_gmt":"2020-07-02T18:59:43","slug":"cepal-estima-que-en-mexico-500-mil-empresas-cerraran-por-coronavirus","status":"publish","type":"post","link":"https:\/\/globalnewsmexico.com\/sitio\/cepal-estima-que-en-mexico-500-mil-empresas-cerraran-por-coronavirus\/","title":{"rendered":"Cepal estima que en M\u00e9xico 500 mil empresas cerrar\u00e1n por coronavirus"},"content":{"rendered":"\n<p>La Comisi\u00f3n Econ\u00f3mica para Am\u00e9rica Latina y el Caribe (Cepal) estim\u00f3 que, producto de las afectaciones econ\u00f3micas por el Covid-19 en M\u00e9xico, alrededor de 500 mil empresas formales cerrar\u00e1n de manera definitiva en el pa\u00eds.<\/p>\n\n\n\n<p>\u201cLos sectores m\u00e1s afectados ser\u00e1n el minorista y mayorista, turismo y la industria manufacturera; adem\u00e1s de la industria cultural, que es un tema de enorme importancia\u201d, se\u00f1al\u00f3 en conferencia Alicia B\u00e1rcena, secretaria ejecutiva del organismo.<\/p>\n\n\n\n<p>Sostuvo que la producci\u00f3n industrial retrocedi\u00f3 29.6 por ciento respecto a abril del a\u00f1o pasado; la manufacturera -35 por ciento. Dijo que la\u00a0industria automotriz ha sido de las m\u00e1s afectadas, con una producci\u00f3n de veh\u00edculos ligeros 93 por ciento menor respecto al mismo mes de 2019.<\/p>\n\n\n\n<p>\u201cHay que apoyar a empresas que generan empleos de calidad y en sectores estrat\u00e9gicos.\u00a0Aerom\u00e9xico es una de las empresas que est\u00e1 pidiendo esos apoyos, hay sectores que van a ser muy afectados en el pa\u00eds\u201d, afirm\u00f3.<\/p>\n\n\n\n<p>A\u00f1adi\u00f3 que el turismo dom\u00e9stico ser\u00e1 clave para la recuperaci\u00f3n y que ser\u00e1 probable que haya una reactivaci\u00f3n pronta.<\/p>\n\n\n\n<p>Alicia B\u00e1rcena\u00a0celebr\u00f3 las medidas del Gobierno federal en torno al otorgamiento de Cr\u00e9ditos a la Palabra, Sembrando Vida, entre otros que, expuso, son importantes y se deben considerar.<\/p>\n\n\n\n<p>Indic\u00f3 que el Tratado entre M\u00e9xico, Estados Unidos y Canad\u00e1 (T-MEC) dar\u00e1 certidumbre en un mercado de 490 millones de personas, que representa alrededor de 18 por ciento del PIB global y que con ello el pa\u00eds se posicionar\u00e1 bien respecto a los cuatro bloques comerciales del futuro.<\/p>\n\n\n\n<p>\u201cAdem\u00e1s el T-MEC que proveer certeza puede ser una buena base para transformar el proyecto de desarrollo de M\u00e9xico; puede ser un paso muy importante para M\u00e9xico y eso puede reflejarse en este periodo o en cuanto se d\u00e9 la reactivaci\u00f3n\u201d, expuso.<\/p>\n\n\n\n<p>Fuente: Milenio<\/p>\n","protected":false},"excerpt":{"rendered":"<p>#Atento La Comisi\u00f3n Econ\u00f3mica para Am\u00e9rica Latina y el Caribe (#Cepal) estim\u00f3 que, producto de las #afectaciones econ\u00f3micas por el #Covid19 en #M\u00e9xico, alrededor de 500 mil #empresas formales cerrar\u00e1n de manera definitiva en el pa\u00eds.<\/p>\n","protected":false},"author":5,"featured_media":50132,"comment_status":"closed","ping_status":"open","sticky":false,"template":"","format":"standard","meta":{"spay_email":"","footnotes":""},"categories":[37,8,39,52],"tags":[],"jetpack_featured_media_url":"https:\/\/i1.wp.com\/globalnewsmexico.com\/sitio\/wp-content\/uploads\/2020\/07\/alicia-barcena-secretaria-ejecutiva-cepal-1_24_0_951_590.jpeg?fit=958%2C596&ssl=1","jetpack_sharing_enabled":true,"jetpack_shortlink":"https:\/\/wp.me\/p9yqPL-d2z","jetpack_likes_enabled":true,"_links":{"self":[{"href":"https:\/\/globalnewsmexico.com\/sitio\/wp-json\/wp\/v2\/posts\/50131"}],"collection":[{"href":"https:\/\/globalnewsmexico.com\/sitio\/wp-json\/wp\/v2\/posts"}],"about":[{"href":"https:\/\/globalnewsmexico.com\/sitio\/wp-json\/wp\/v2\/types\/post"}],"author":[{"embeddable":true,"href":"https:\/\/globalnewsmexico.com\/sitio\/wp-json\/wp\/v2\/users\/5"}],"replies":[{"embeddable":true,"href":"https:\/\/globalnewsmexico.com\/sitio\/wp-json\/wp\/v2\/comments?post=50131"}],"version-history":[{"count":0,"href":"https:\/\/globalnewsmexico.com\/sitio\/wp-json\/wp\/v2\/posts\/50131\/revisions"}],"wp:featuredmedia":[{"embeddable":true,"href":"https:\/\/globalnewsmexico.com\/sitio\/wp-json\/wp\/v2\/media\/50132"}],"wp:attachment":[{"href":"https:\/\/globalnewsmexico.com\/sitio\/wp-json\/wp\/v2\/media?parent=50131"}],"wp:term":[{"taxonomy":"category","embeddable":true,"href":"https:\/\/globalnewsmexico.com\/sitio\/wp-json\/wp\/v2\/categories?post=50131"},{"taxonomy":"post_tag","embeddable":true,"href":"https:\/\/globalnewsmexico.com\/sitio\/wp-json\/wp\/v2\/tags?post=50131"}],"curies":[{"name":"wp","href":"https:\/\/api.w.org\/{rel}","templated":true}]}}