{"id":50135,"date":"2020-07-02T14:13:25","date_gmt":"2020-07-02T19:13:25","guid":{"rendered":"http:\/\/globalnewsmexico.com\/sitio\/?p=50135"},"modified":"2020-07-02T14:13:30","modified_gmt":"2020-07-02T19:13:30","slug":"titular-de-cndh-denuncia-amenazas-de-muerte-por-atraer-caso-de-giovanni-lopez","status":"publish","type":"post","link":"https:\/\/globalnewsmexico.com\/sitio\/titular-de-cndh-denuncia-amenazas-de-muerte-por-atraer-caso-de-giovanni-lopez\/","title":{"rendered":"Titular de CNDH denuncia amenazas de muerte por atraer caso de Giovanni L\u00f3pez"},"content":{"rendered":"\n<p>La titular de la\u00a0Comisi\u00f3n Nacional de Derechos Humanos (CNDH), Rosario Piedra Ibarra, dio a conocer que recibi\u00f3 amenazas de muerte en su contra y de su familia, lo cual ya denunci\u00f3 ante la Fiscal\u00eda General de Justicia (FGJ) de la Ciudad de M\u00e9xico.\u00a0<\/p>\n\n\n\n<p>En conferencia, detall\u00f3 que el domingo pasado recibi\u00f3 mensajes de texto y v\u00eda\u00a0WhatsApp, as\u00ed como\u00a0llamadas de m\u00e1s de 100 n\u00fameros telef\u00f3nicos\u00a0de \u00abvarios\u00bb estados del pa\u00eds.<\/p>\n\n\n\n<p>Piedra Ibarra\u00a0explic\u00f3 que las amenazas \u00abtuvieron que ver\u00bb con la atracci\u00f3n, por parte de la CNDH, del caso de\u00a0Giovanni L\u00f3pez Ram\u00edrez, asesinado por polic\u00edas municipales de Ixtlahuac\u00e1n de los Membrillos, Jalisco, el 4 de mayo de 2020.<\/p>\n\n\n\n<p>\u00abTambi\u00e9n\u00a0por eso recib\u00ed amenazas y donde me dec\u00edan que no me metiera con el gobernador (Enrique Alfaro), cuando yo estoy investigando un caso, yo no he se\u00f1alado ahorita a nadie, se est\u00e1 investigando muy seriamente y vamos a seguir adelante con esa investigaci\u00f3n\u00bb, coment\u00f3.<\/p>\n\n\n\n<p>La titular de la CNDH asever\u00f3 que el origen de las amenazas tambi\u00e9n fue porque era expl\u00edcito en ellas, por su labor al frente del organismo.<\/p>\n\n\n\n<p>\u00abEn el aniversario de los 30 a\u00f1os de la comisi\u00f3n yo hab\u00eda dicho, y desde que llegu\u00e9 lo dije, que yo pretend\u00eda hacer una defensor\u00eda del pueblo y entonces se desat\u00f3 una campa\u00f1a medi\u00e1tica donde se dec\u00eda que yo solamente quer\u00eda atender a los pobres, cosa que es falsa. Esas amenazas ten\u00edan que ver con eso, donde se me atacaba, pero llegaban a ese punto de amenazarme de muerte\u00bb, abund\u00f3.<\/p>\n\n\n\n<p>Piedra Ibarra destac\u00f3 que esta situaci\u00f3n \u00abya est\u00e1 en manos de la justicia\u00bb, tras aportar \u00abtodas las pruebas que me pidieron\u00bb a la Fiscal\u00eda de la Ciudad de M\u00e9xico.<\/p>\n\n\n\n<p>\u00abLas amenazas quiero decirles que no me atemorizan. Estoy acostumbrada a tener presi\u00f3n ante esta lucha que hemos llevado desde siempre como v\u00edctimas, pero ahora con un estatus de poder hacer, de poder solucionar cosas, de poder impedir que en este pa\u00eds no se sigan violentando los derechos humanos\u00bb, declar\u00f3.<\/p>\n\n\n\n<p>Fuente: Milenio<\/p>\n","protected":false},"excerpt":{"rendered":"<p>#Ent\u00e9rate La titular de la Comisi\u00f3n Nacional de Derechos Humanos (#CNDH), #RosarioPiedraIbarra, dio a conocer que recibi\u00f3 #amenazas de #muerte en su contra y de su familia, lo cual ya denunci\u00f3 ante la Fiscal\u00eda General de Justicia (#FGJ) de la #CDMX.<\/p>\n","protected":false},"author":5,"featured_media":50136,"comment_status":"closed","ping_status":"open","sticky":false,"template":"","format":"standard","meta":{"spay_email":"","footnotes":""},"categories":[37,8,39,52],"tags":[],"jetpack_featured_media_url":"https:\/\/i1.wp.com\/globalnewsmexico.com\/sitio\/wp-content\/uploads\/2020\/07\/rosario-piedra-ibarra-titular-cndh-1_0_37_1024_638.jpeg?fit=958%2C596&ssl=1","jetpack_sharing_enabled":true,"jetpack_shortlink":"https:\/\/wp.me\/p9yqPL-d2D","jetpack_likes_enabled":true,"_links":{"self":[{"href":"https:\/\/globalnewsmexico.com\/sitio\/wp-json\/wp\/v2\/posts\/50135"}],"collection":[{"href":"https:\/\/globalnewsmexico.com\/sitio\/wp-json\/wp\/v2\/posts"}],"about":[{"href":"https:\/\/globalnewsmexico.com\/sitio\/wp-json\/wp\/v2\/types\/post"}],"author":[{"embeddable":true,"href":"https:\/\/globalnewsmexico.com\/sitio\/wp-json\/wp\/v2\/users\/5"}],"replies":[{"embeddable":true,"href":"https:\/\/globalnewsmexico.com\/sitio\/wp-json\/wp\/v2\/comments?post=50135"}],"version-history":[{"count":0,"href":"https:\/\/globalnewsmexico.com\/sitio\/wp-json\/wp\/v2\/posts\/50135\/revisions"}],"wp:featuredmedia":[{"embeddable":true,"href":"https:\/\/globalnewsmexico.com\/sitio\/wp-json\/wp\/v2\/media\/50136"}],"wp:attachment":[{"href":"https:\/\/globalnewsmexico.com\/sitio\/wp-json\/wp\/v2\/media?parent=50135"}],"wp:term":[{"taxonomy":"category","embeddable":true,"href":"https:\/\/globalnewsmexico.com\/sitio\/wp-json\/wp\/v2\/categories?post=50135"},{"taxonomy":"post_tag","embeddable":true,"href":"https:\/\/globalnewsmexico.com\/sitio\/wp-json\/wp\/v2\/tags?post=50135"}],"curies":[{"name":"wp","href":"https:\/\/api.w.org\/{rel}","templated":true}]}}