{"id":50172,"date":"2020-07-03T11:02:57","date_gmt":"2020-07-03T16:02:57","guid":{"rendered":"http:\/\/globalnewsmexico.com\/sitio\/?p=50172"},"modified":"2020-07-03T11:03:01","modified_gmt":"2020-07-03T16:03:01","slug":"tras-amenazas-de-muerte-amlo-ofrece-proteccion-a-alfaro-y-a-rosario-piedra","status":"publish","type":"post","link":"https:\/\/globalnewsmexico.com\/sitio\/tras-amenazas-de-muerte-amlo-ofrece-proteccion-a-alfaro-y-a-rosario-piedra\/","title":{"rendered":"Tras amenazas de muerte, AMLO ofrece protecci\u00f3n a Alfaro y a Rosario Piedra"},"content":{"rendered":"\n<p>El\u00a0presidente Andr\u00e9s Manuel L\u00f3pez Obrador\u00a0ofreci\u00f3 protecci\u00f3n, a trav\u00e9s de las instancias federales, al\u00a0gobernador de Jalisco, Enrique Alfaro, y a la titular de la Comisi\u00f3n Nacional de Derechos Humanos (CNDH), Rosario Piedra, luego de que\u00a0ambos dieran a conocer que han recibido amenazas de muerte.<\/p>\n\n\n\n<p>En la conferencia\u00a0ma\u00f1anera, el mandatario inform\u00f3 que orden\u00f3 establecer comunicaci\u00f3n con los afectados, con el objetivo de ofrecerles apoyo, y dijo que este tipo de situaciones son parte de la transformaci\u00f3n que demuestra que su gobierno no pacta con la delincuencia com\u00fan, organizada, ni la de cuello blanco.<\/p>\n\n\n\n<p>\u201cQue se establezca comunicaci\u00f3n con el gobernador de Jalisco y, de acuerdo con lo que \u00e9l considere, nosotros ayudemos en su seguridad; que nosotros podamos contribuir para su protecci\u00f3n, que cuente con nosotros y lo mismo en el caso de la presidenta (de la CNDH). No lo sab\u00eda, pero tiene la instrucci\u00f3n el secretario de Seguridad\u201d, dijo.<\/p>\n\n\n\n<p>L\u00f3pez Obrador asegur\u00f3 que en su administraci\u00f3n no se protege a ning\u00fan grupo para perseguir a otro, ya que se sigue el principio de \u201cque al margen de la ley nada y por encima de la ley nadie\u201d.<\/p>\n\n\n\n<p>\u201cNada de que vamos a hacer acuerdo con un grupo para perseguir a otros o para apaciguar una regi\u00f3n, no; hay una l\u00ednea, una frontera, una raya divisoria entre autoridad y delincuencia\u201d.<\/p>\n\n\n\n<p>\u2500 \u00bfAlg\u00fan grupo se ha acercado a ofrecerle un pacto?<\/p>\n\n\n\n<p>\u201cNo, no, no&#8230; el fr\u00edo sabe a d\u00f3nde se arrima\u201d, respondi\u00f3.\u00a0<\/p>\n\n\n\n<p>Y es que el Centro Nacional de Inteligencia inform\u00f3 al gobernador de\u00a0Jalisco, Enrique Alfaro,\u00a0de amenazas en su contra de presuntos integrantes del\u00a0C\u00e1rtel Jalisco Nueva Generaci\u00f3n\u00a0(CJNG), que encabeza\u00a0Nemesio Oseguera Cervantes, &#8216;El Mencho&#8217;.<\/p>\n\n\n\n<p>En tanto, la\u00a0ombdudsperson,\u00a0Rosario Piedra, dio a conocer en conferencia de prensa que recibi\u00f3 amenazas de muerte en su contra y de su familia, lo cual ya denunci\u00f3 ante la Fiscal\u00eda General de Justicia (FGJ) de la Ciudad de M\u00e9xico.<\/p>\n\n\n\n<p>Fuente: Milenio<\/p>\n","protected":false},"excerpt":{"rendered":"<p>#Nacional El presidente #Andr\u00e9sManuelL\u00f3pezObrador ofreci\u00f3 #protecci\u00f3n, a trav\u00e9s de las instancias federales, al gobernador de #Jalisco, #EnriqueAlfaro, y a la titular de la #CNDH, Rosario Piedra, luego de que ambos informaran que han recibido #amenazas de muerte.<\/p>\n","protected":false},"author":5,"featured_media":50173,"comment_status":"closed","ping_status":"open","sticky":false,"template":"","format":"standard","meta":{"spay_email":"","footnotes":""},"categories":[37,8,40,52],"tags":[],"jetpack_featured_media_url":"https:\/\/i1.wp.com\/globalnewsmexico.com\/sitio\/wp-content\/uploads\/2020\/07\/unnamed.jpg?fit=1040%2C589&ssl=1","jetpack_sharing_enabled":true,"jetpack_shortlink":"https:\/\/wp.me\/p9yqPL-d3e","jetpack_likes_enabled":true,"_links":{"self":[{"href":"https:\/\/globalnewsmexico.com\/sitio\/wp-json\/wp\/v2\/posts\/50172"}],"collection":[{"href":"https:\/\/globalnewsmexico.com\/sitio\/wp-json\/wp\/v2\/posts"}],"about":[{"href":"https:\/\/globalnewsmexico.com\/sitio\/wp-json\/wp\/v2\/types\/post"}],"author":[{"embeddable":true,"href":"https:\/\/globalnewsmexico.com\/sitio\/wp-json\/wp\/v2\/users\/5"}],"replies":[{"embeddable":true,"href":"https:\/\/globalnewsmexico.com\/sitio\/wp-json\/wp\/v2\/comments?post=50172"}],"version-history":[{"count":0,"href":"https:\/\/globalnewsmexico.com\/sitio\/wp-json\/wp\/v2\/posts\/50172\/revisions"}],"wp:featuredmedia":[{"embeddable":true,"href":"https:\/\/globalnewsmexico.com\/sitio\/wp-json\/wp\/v2\/media\/50173"}],"wp:attachment":[{"href":"https:\/\/globalnewsmexico.com\/sitio\/wp-json\/wp\/v2\/media?parent=50172"}],"wp:term":[{"taxonomy":"category","embeddable":true,"href":"https:\/\/globalnewsmexico.com\/sitio\/wp-json\/wp\/v2\/categories?post=50172"},{"taxonomy":"post_tag","embeddable":true,"href":"https:\/\/globalnewsmexico.com\/sitio\/wp-json\/wp\/v2\/tags?post=50172"}],"curies":[{"name":"wp","href":"https:\/\/api.w.org\/{rel}","templated":true}]}}