{"id":50178,"date":"2020-07-03T11:26:57","date_gmt":"2020-07-03T16:26:57","guid":{"rendered":"http:\/\/globalnewsmexico.com\/sitio\/?p=50178"},"modified":"2020-07-03T11:27:00","modified_gmt":"2020-07-03T16:27:00","slug":"es-conmigo-no-con-ellos-responde-amlo-a-ataques-contra-su-esposa-e-hijo","status":"publish","type":"post","link":"https:\/\/globalnewsmexico.com\/sitio\/es-conmigo-no-con-ellos-responde-amlo-a-ataques-contra-su-esposa-e-hijo\/","title":{"rendered":"\u201cEs conmigo, no con ellos\u00bb, responde AMLO a ataques contra su esposa e hijo"},"content":{"rendered":"\n<p>\u201cEs conmigo, no con ellos\u201d, asegur\u00f3 el presidente\u00a0Andr\u00e9s Manuel L\u00f3pez Obrador\u00a0al defender de las cr\u00edticas que su esposa, Beatriz Guti\u00e9rrez M\u00fcller, ha recibido por sus comentarios en Twitter. \u00a0<\/p>\n\n\n\n<p>\u201cMi esposa no va a ser candidata a nada, ella no es primera dama, es una mujer independiente y con criterio, lo que ella expresa es lo que piensa y yo no censuro, no limito su libertad, porque la han emprendido en contra de ella, en contra de mi hijo\u201d, apunt\u00f3.<\/p>\n\n\n\n<p>En su conferencia de prensa en Palacio Nacional, el presidente L\u00f3pez Obrador se\u00f1al\u00f3 a sus opositores que es \u00e9l quien conduce el proceso de transformaci\u00f3n del pa\u00eds. \u00a0<\/p>\n\n\n\n<p>\u201cEs conmigo, yo soy el que est\u00e1 conduciendo el proceso de transformaci\u00f3n\u2026 me siento orgulloso, adem\u00e1s no estoy solo, somos millones de mujeres y hombres que est\u00e1n hartos de que una minor\u00eda se sintiera due\u00f1a del pa\u00eds, que M\u00e9xico fuese pa\u00eds de unos cuantos, que no contara, que se humillara, que se robaran el dinero del pueblo, vamos a seguir adelante\u201d, dijo.<\/p>\n\n\n\n<p>Recientemente, la doctora Beatriz Guti\u00e9rrez M\u00fcller ofreci\u00f3 disculpas, luego de responder a un\u00a0usuario de Twitter, quien la cuestion\u00f3\u00a0sobre la atenci\u00f3n a ni\u00f1os con c\u00e1ncer.<\/p>\n\n\n\n<p>Fuente: El Universal<\/p>\n","protected":false},"excerpt":{"rendered":"<p>#Destacamos \u201cEs conmigo, no con ellos\u201d, asegur\u00f3 el presidente #Andr\u00e9sManuelL\u00f3pezObrador al defender de las #cr\u00edticas que su esposa, #BeatrizGuti\u00e9rrezM\u00fcller, ha recibido por sus comentarios en #Twitter.<\/p>\n","protected":false},"author":5,"featured_media":50179,"comment_status":"closed","ping_status":"open","sticky":false,"template":"","format":"standard","meta":{"spay_email":"","footnotes":""},"categories":[37,8,40,52],"tags":[],"jetpack_featured_media_url":"https:\/\/i0.wp.com\/globalnewsmexico.com\/sitio\/wp-content\/uploads\/2020\/07\/AMLO.jpg?fit=1040%2C672&ssl=1","jetpack_sharing_enabled":true,"jetpack_shortlink":"https:\/\/wp.me\/p9yqPL-d3k","jetpack_likes_enabled":true,"_links":{"self":[{"href":"https:\/\/globalnewsmexico.com\/sitio\/wp-json\/wp\/v2\/posts\/50178"}],"collection":[{"href":"https:\/\/globalnewsmexico.com\/sitio\/wp-json\/wp\/v2\/posts"}],"about":[{"href":"https:\/\/globalnewsmexico.com\/sitio\/wp-json\/wp\/v2\/types\/post"}],"author":[{"embeddable":true,"href":"https:\/\/globalnewsmexico.com\/sitio\/wp-json\/wp\/v2\/users\/5"}],"replies":[{"embeddable":true,"href":"https:\/\/globalnewsmexico.com\/sitio\/wp-json\/wp\/v2\/comments?post=50178"}],"version-history":[{"count":0,"href":"https:\/\/globalnewsmexico.com\/sitio\/wp-json\/wp\/v2\/posts\/50178\/revisions"}],"wp:featuredmedia":[{"embeddable":true,"href":"https:\/\/globalnewsmexico.com\/sitio\/wp-json\/wp\/v2\/media\/50179"}],"wp:attachment":[{"href":"https:\/\/globalnewsmexico.com\/sitio\/wp-json\/wp\/v2\/media?parent=50178"}],"wp:term":[{"taxonomy":"category","embeddable":true,"href":"https:\/\/globalnewsmexico.com\/sitio\/wp-json\/wp\/v2\/categories?post=50178"},{"taxonomy":"post_tag","embeddable":true,"href":"https:\/\/globalnewsmexico.com\/sitio\/wp-json\/wp\/v2\/tags?post=50178"}],"curies":[{"name":"wp","href":"https:\/\/api.w.org\/{rel}","templated":true}]}}