{"id":50333,"date":"2020-07-07T09:57:07","date_gmt":"2020-07-07T14:57:07","guid":{"rendered":"http:\/\/globalnewsmexico.com\/sitio\/?p=50333"},"modified":"2020-07-07T09:57:10","modified_gmt":"2020-07-07T14:57:10","slug":"esta-es-la-agenda-de-amlo-en-ee-uu","status":"publish","type":"post","link":"https:\/\/globalnewsmexico.com\/sitio\/esta-es-la-agenda-de-amlo-en-ee-uu\/","title":{"rendered":"Esta es la agenda de AMLO en EE. UU."},"content":{"rendered":"\n<p>El presidente Andr\u00e9s Manuel L\u00f3pez Obrador viajar\u00e1 esta tarde a Estados Unidos, para reunirse en privado con Donald Trump el\u00a0mi\u00e9rcoles por la tarde en la Casa Blanca, donde celebrar\u00e1n la entrada en vigor del T-MEC y tras firmar un comunicado conjunto volver\u00e1 a M\u00e9xico el jueves a temprana hora.\u00a0<\/p>\n\n\n\n<p>Para ello,\u00a0esta tarde abordar\u00e1 un vuelo comercial para viajar a suelo estadounidense, a donde prev\u00e9 llegar por la noche, debido a la escala que deber\u00e1 realizar, ya que no existe un viaje directo de la Ciudad de M\u00e9xico a Washington.\u00a0<\/p>\n\n\n\n<h4 class=\"wp-block-heading\">Agenda de AMLO<\/h4>\n\n\n\n<ul><li>Parte hoy a mediod\u00eda a Washington; prev\u00e9 regreso el jueves 8 de julio.<\/li><li>Previo a reuni\u00f3n con Trump, visitar\u00e1 monumentos a Lincoln y Benito Ju\u00e1rez.<\/li><li>Dormir\u00e1 en embajada de M\u00e9xico en Estados Unidos.<\/li><\/ul>\n\n\n\n<h2 class=\"wp-block-heading\"><strong>Invitados a reuni\u00f3n con Trump<\/strong><\/h2>\n\n\n\n<p>De acuerdo con informaci\u00f3n oficial, est\u00e1n invitados a la cena con Trump los miembros del Consejo Asesor Empresarial del primer mandatario como\u00a0Ricardo Salinas Pliego, Carlos Hank Gonz\u00e1lez, Bernardo G\u00f3mez, Olegario V\u00e1zquez Aldir y Daniel Ch\u00e1vez.\u00a0<\/p>\n\n\n\n<p>La delegaci\u00f3n de Estados Unidos, que estar\u00e1 en la reuni\u00f3n de trabajo y luego en la cena, est\u00e1 integrada por el vicepresidente Mike Pence; el secretario del Tesoro, Steven Mnuchin; el negociador Robert Lighthizer; el consejero de Seguridad Nacional, Robert O&#8217;Brien; el asesor especial Jared Kushner; el asesor econ\u00f3mico Larry Kudlow; la secretaria de prensa, Kayleigh McEnany; el embajador Christopher Landau y el director de la FDC, la corporaci\u00f3n para el financiamiento del desarrollo, Adam Boehler.<\/p>\n\n\n\n<p>Fuente: Milenio<\/p>\n","protected":false},"excerpt":{"rendered":"<p>#Ent\u00e9rate El presidente #Andr\u00e9sManuelL\u00f3pezObrador viajar\u00e1 esta tarde a #EstadosUnidos, para reunirse en privado con #DonaldTrump el mi\u00e9rcoles por la tarde en la #CasaBlanca, donde celebrar\u00e1n la entrada en vigor del #TMEC. Checa aqu\u00ed su itinerario.<\/p>\n","protected":false},"author":5,"featured_media":50334,"comment_status":"closed","ping_status":"open","sticky":false,"template":"","format":"standard","meta":{"spay_email":"","footnotes":""},"categories":[37,8,39,52],"tags":[],"jetpack_featured_media_url":"https:\/\/i1.wp.com\/globalnewsmexico.com\/sitio\/wp-content\/uploads\/2020\/07\/donald-trump-confirma-visita-amlo.jpg?fit=958%2C596&ssl=1","jetpack_sharing_enabled":true,"jetpack_shortlink":"https:\/\/wp.me\/p9yqPL-d5P","jetpack_likes_enabled":true,"_links":{"self":[{"href":"https:\/\/globalnewsmexico.com\/sitio\/wp-json\/wp\/v2\/posts\/50333"}],"collection":[{"href":"https:\/\/globalnewsmexico.com\/sitio\/wp-json\/wp\/v2\/posts"}],"about":[{"href":"https:\/\/globalnewsmexico.com\/sitio\/wp-json\/wp\/v2\/types\/post"}],"author":[{"embeddable":true,"href":"https:\/\/globalnewsmexico.com\/sitio\/wp-json\/wp\/v2\/users\/5"}],"replies":[{"embeddable":true,"href":"https:\/\/globalnewsmexico.com\/sitio\/wp-json\/wp\/v2\/comments?post=50333"}],"version-history":[{"count":0,"href":"https:\/\/globalnewsmexico.com\/sitio\/wp-json\/wp\/v2\/posts\/50333\/revisions"}],"wp:featuredmedia":[{"embeddable":true,"href":"https:\/\/globalnewsmexico.com\/sitio\/wp-json\/wp\/v2\/media\/50334"}],"wp:attachment":[{"href":"https:\/\/globalnewsmexico.com\/sitio\/wp-json\/wp\/v2\/media?parent=50333"}],"wp:term":[{"taxonomy":"category","embeddable":true,"href":"https:\/\/globalnewsmexico.com\/sitio\/wp-json\/wp\/v2\/categories?post=50333"},{"taxonomy":"post_tag","embeddable":true,"href":"https:\/\/globalnewsmexico.com\/sitio\/wp-json\/wp\/v2\/tags?post=50333"}],"curies":[{"name":"wp","href":"https:\/\/api.w.org\/{rel}","templated":true}]}}