{"id":50345,"date":"2020-07-07T10:58:26","date_gmt":"2020-07-07T15:58:26","guid":{"rendered":"http:\/\/globalnewsmexico.com\/sitio\/?p=50345"},"modified":"2020-07-07T10:58:30","modified_gmt":"2020-07-07T15:58:30","slug":"jair-bolsonaro-da-positivo-a-coronavirus","status":"publish","type":"post","link":"https:\/\/globalnewsmexico.com\/sitio\/jair-bolsonaro-da-positivo-a-coronavirus\/","title":{"rendered":"Jair Bolsonaro da positivo a coronavirus"},"content":{"rendered":"\n<p>El presidente de Brasil,\u00a0Jair Bolsonaro, uno de los m\u00e1s esc\u00e9pticos del mundo sobre la gravedad del coronavirus, inform\u00f3 que tras realizarse la prueba, dio positivo al Covid-19 y que ya comenz\u00f3 a ser tratado con cloroquina.<\/p>\n\n\n\n<p>\u00abComenz\u00f3 el domingo con una breve indisposici\u00f3n\u00bb, dijo el propio mandatario a periodistas en su residencia oficial, quien asegur\u00f3 que se siente \u00abperfectamente bien\u00bb.<\/p>\n\n\n\n<p>Adem\u00e1s, se realiz\u00f3 una placa de t\u00f3rax que mostr\u00f3 que el pulm\u00f3n est\u00e1 \u00ablimpio\u00bb, luego de haber tenido hasta 38 grados de fiebre.<\/p>\n\n\n\n<p>Durante los \u00faltimos meses,\u00a0Bolsonaro ha desafiado casi a diario al virus, al que lleg\u00f3 a calificar de \u00abgripecita\u00bb, circulando por las calles en plena cuarentena, al asistir a actos p\u00fablicos sin la m\u00e1scara preceptiva, abrazando y besando a partidarios sin cuidado alguno y con un desde\u00f1o constante frente a la enfermedad.<\/p>\n\n\n\n<p>Fuente: Milenio<\/p>\n","protected":false},"excerpt":{"rendered":"<p>#Mundo El presidente de #Brasil, #JairBolsonaro, uno de los m\u00e1s esc\u00e9pticos del mundo sobre la gravedad del #coronavirus, inform\u00f3 que tras realizarse la prueba, dio positivo al #Covid19 y que ya comenz\u00f3 a ser tratado con #cloroquina.<\/p>\n","protected":false},"author":5,"featured_media":50346,"comment_status":"closed","ping_status":"open","sticky":false,"template":"","format":"standard","meta":{"spay_email":"","footnotes":""},"categories":[37,8,48,52],"tags":[],"jetpack_featured_media_url":"https:\/\/i1.wp.com\/globalnewsmexico.com\/sitio\/wp-content\/uploads\/2020\/07\/jair-bolsonaro-presidente-de-brasil-6_43_82_469_292.jpg?fit=958%2C596&ssl=1","jetpack_sharing_enabled":true,"jetpack_shortlink":"https:\/\/wp.me\/p9yqPL-d61","jetpack_likes_enabled":true,"_links":{"self":[{"href":"https:\/\/globalnewsmexico.com\/sitio\/wp-json\/wp\/v2\/posts\/50345"}],"collection":[{"href":"https:\/\/globalnewsmexico.com\/sitio\/wp-json\/wp\/v2\/posts"}],"about":[{"href":"https:\/\/globalnewsmexico.com\/sitio\/wp-json\/wp\/v2\/types\/post"}],"author":[{"embeddable":true,"href":"https:\/\/globalnewsmexico.com\/sitio\/wp-json\/wp\/v2\/users\/5"}],"replies":[{"embeddable":true,"href":"https:\/\/globalnewsmexico.com\/sitio\/wp-json\/wp\/v2\/comments?post=50345"}],"version-history":[{"count":0,"href":"https:\/\/globalnewsmexico.com\/sitio\/wp-json\/wp\/v2\/posts\/50345\/revisions"}],"wp:featuredmedia":[{"embeddable":true,"href":"https:\/\/globalnewsmexico.com\/sitio\/wp-json\/wp\/v2\/media\/50346"}],"wp:attachment":[{"href":"https:\/\/globalnewsmexico.com\/sitio\/wp-json\/wp\/v2\/media?parent=50345"}],"wp:term":[{"taxonomy":"category","embeddable":true,"href":"https:\/\/globalnewsmexico.com\/sitio\/wp-json\/wp\/v2\/categories?post=50345"},{"taxonomy":"post_tag","embeddable":true,"href":"https:\/\/globalnewsmexico.com\/sitio\/wp-json\/wp\/v2\/tags?post=50345"}],"curies":[{"name":"wp","href":"https:\/\/api.w.org\/{rel}","templated":true}]}}