{"id":50362,"date":"2020-07-07T12:40:27","date_gmt":"2020-07-07T17:40:27","guid":{"rendered":"http:\/\/globalnewsmexico.com\/sitio\/?p=50362"},"modified":"2020-07-07T12:40:31","modified_gmt":"2020-07-07T17:40:31","slug":"tribunal-frena-tarifas-avaladas-por-la-cre-por-pago-de-energia-electrica","status":"publish","type":"post","link":"https:\/\/globalnewsmexico.com\/sitio\/tribunal-frena-tarifas-avaladas-por-la-cre-por-pago-de-energia-electrica\/","title":{"rendered":"Tribunal frena tarifas avaladas por la CRE por pago de energ\u00eda el\u00e9ctrica"},"content":{"rendered":"\n<p>Un tribunal federal suspendi\u00f3 los aumentos que valid\u00f3 la\u00a0Comisi\u00f3n Reguladora de Energ\u00eda (CRE)\u00a0por el\u00a0servicio que deben pagar las plantas de generaci\u00f3n privada a la Comisi\u00f3n Federal de Electricidad (CFE) por transmisi\u00f3n de energ\u00eda el\u00e9ctrica, fallo que abre camino a las empresas que combaten la medida.<\/p>\n\n\n\n<p>Los aumentos avalados por la CRE oscilan entre 500 y 800 por ciento en las tarifas de transmisi\u00f3n que plantas de generaci\u00f3n privadas deben pagar.<\/p>\n\n\n\n<p>Este es el primer pronunciamiento de un tribunal colegiado, luego de que el juez\u00a0Juan Pablo G\u00f3mez Fierro, titular del juzgado Segundo de Distrito en Materia Administrativa Especializado en Competencia Econ\u00f3mica, Radiodifusi\u00f3n y Telecomunicaciones, rechaz\u00f3 conceder suspensiones provisionales.<\/p>\n\n\n\n<p>El Segundo Tribunal Colegiado de Distrito en Materia Administrativa Especializado en Competencia Econ\u00f3mica, revoc\u00f3 una resoluci\u00f3n del juez G\u00f3mez Fierro y otorg\u00f3 la suspensi\u00f3n provisional a la compa\u00f1\u00eda E\u00f3lica el Retiro.<\/p>\n\n\n\n<p>Los magistrados indicaron que un incremento repentino y en un importe considerablemente mayor al que se ven\u00eda cubriendo, naturalmente tiene un impacto inflacionario no s\u00f3lo en el\u00a0costo de la generaci\u00f3n de energ\u00eda, sino tambi\u00e9n en todos los bienes o productos finales e intermedios con los que se encuentren relacionados los titulares de contratos.<\/p>\n\n\n\n<p>\u00abSobre todo los autogenerados (que b\u00e1sicamente generan energ\u00eda para consumo propio) pues l\u00f3gicamente, en principio, estos incrementos no los absorber\u00e1n los titulares de dichos contratos, sino que los trasladar\u00e1n a los usuarios finales de cada bien o producto con que se encuentren relacionados\u201d, puntualizaron.<\/p>\n\n\n\n<p>Este \u201cefecto inflacionario abrupto\u201d podr\u00eda ocasionar una serie de consecuencias que trasciendan no s\u00f3lo a dichos titulares, como la inviabilidad de proyectos, la falta de capacidad para competir en sus mercados, la reducci\u00f3n de su planta laboral y, de manera extrema, el cierre de algunas de sus operaciones, \u201csino que tambi\u00e9n tendr\u00eda el potencial de impactar en el tr\u00e1nsito al uso de tecnolog\u00edas y combustibles m\u00e1s limpios\u201d.<\/p>\n\n\n\n<p>Otro efecto podr\u00eda ser que los interesados en ingresar al sector el\u00e9ctrico para generar electricidad con\u00a0fuentes de energ\u00eda renovable\u00a0o cogeneraci\u00f3n eficiente ya no lo hagan o que los que se encuentran oper\u00e1ndolo abandonen sus proyectos, \u201clo cual es preferible evitar para cumplir con la transici\u00f3n al uso de tecnolog\u00edas y combustibles m\u00e1s limpios\u201d.<\/p>\n\n\n\n<p>Con el otorgamiento de la medida cautelar, a\u00f1adi\u00f3 el tribunal, se podr\u00edan evitar consecuencias desfavorables en la competitividad dentro los mercados relacionados con la industria el\u00e9ctrica y en los mercados relacionados con los bienes y productos finales e intermedios con los que se encuentren relacionados los titulares de contratos de interconexi\u00f3n legados con centrales el\u00e9ctricas de generaci\u00f3n de energ\u00eda el\u00e9ctrica con fuentes de energ\u00eda renovable o cogeneraci\u00f3n eficiente.<\/p>\n\n\n\n<p>En el expediente se menciona que la resoluci\u00f3n RES\/893\/2020 de la CRE, deriv\u00f3 de la existencia de un d\u00e9ficit que se pretende corregir, pero no se tiene informaci\u00f3n que permita estimar que la\u00a0falta de pago de las tarifas\u00a0reclamadas comprometa actualmente la prestaci\u00f3n del servicio p\u00fablico de transmisi\u00f3n de energ\u00eda el\u00e9ctrica en general.<\/p>\n\n\n\n<p>El fallo ordena a las autoridades aplicar las tarifas que se encontraban vigentes en 2017. Asimismo, deja claro que para no generar un perjuicio econ\u00f3mico para la CFE Intermediaci\u00f3n de Contratos Legados, S.A. de C.V., la empresa tiene un plazo de cinco d\u00edas para otorgar una garant\u00eda por una cantidad equivalente a la diferencia entre las tarifas aplicables antes de los actos reclamados y las tarifas previstas en estos, o de lo contrario la suspensi\u00f3n dejar\u00e1 de tener efectos.<\/p>\n\n\n\n<p>Fuente: Milenio<\/p>\n","protected":false},"excerpt":{"rendered":"<p>#Destacamos Un tribunal federal suspendi\u00f3 los aumentos que valid\u00f3 la Comisi\u00f3n Reguladora de Energ\u00eda (#CRE) por el servicio que deben pagar las plantas de generaci\u00f3n privada a la #CFE por transmisi\u00f3n de energ\u00eda el\u00e9ctrica.<\/p>\n","protected":false},"author":5,"featured_media":50363,"comment_status":"closed","ping_status":"open","sticky":false,"template":"","format":"standard","meta":{"spay_email":"","footnotes":""},"categories":[37,8,49,52],"tags":[],"jetpack_featured_media_url":"https:\/\/i2.wp.com\/globalnewsmexico.com\/sitio\/wp-content\/uploads\/2020\/07\/poste-de-energia-electrica-reuters.jpg?fit=958%2C596&ssl=1","jetpack_sharing_enabled":true,"jetpack_shortlink":"https:\/\/wp.me\/p9yqPL-d6i","jetpack_likes_enabled":true,"_links":{"self":[{"href":"https:\/\/globalnewsmexico.com\/sitio\/wp-json\/wp\/v2\/posts\/50362"}],"collection":[{"href":"https:\/\/globalnewsmexico.com\/sitio\/wp-json\/wp\/v2\/posts"}],"about":[{"href":"https:\/\/globalnewsmexico.com\/sitio\/wp-json\/wp\/v2\/types\/post"}],"author":[{"embeddable":true,"href":"https:\/\/globalnewsmexico.com\/sitio\/wp-json\/wp\/v2\/users\/5"}],"replies":[{"embeddable":true,"href":"https:\/\/globalnewsmexico.com\/sitio\/wp-json\/wp\/v2\/comments?post=50362"}],"version-history":[{"count":0,"href":"https:\/\/globalnewsmexico.com\/sitio\/wp-json\/wp\/v2\/posts\/50362\/revisions"}],"wp:featuredmedia":[{"embeddable":true,"href":"https:\/\/globalnewsmexico.com\/sitio\/wp-json\/wp\/v2\/media\/50363"}],"wp:attachment":[{"href":"https:\/\/globalnewsmexico.com\/sitio\/wp-json\/wp\/v2\/media?parent=50362"}],"wp:term":[{"taxonomy":"category","embeddable":true,"href":"https:\/\/globalnewsmexico.com\/sitio\/wp-json\/wp\/v2\/categories?post=50362"},{"taxonomy":"post_tag","embeddable":true,"href":"https:\/\/globalnewsmexico.com\/sitio\/wp-json\/wp\/v2\/tags?post=50362"}],"curies":[{"name":"wp","href":"https:\/\/api.w.org\/{rel}","templated":true}]}}